{"id":6774,"date":"2022-03-29T06:21:26","date_gmt":"2022-03-29T09:21:26","guid":{"rendered":"https:\/\/portalcaetanos.com.br\/portal\/?p=6774"},"modified":"2022-03-29T06:21:26","modified_gmt":"2022-03-29T09:21:26","slug":"bolsonaro-e-levado-a-hospital-apos-sentir-desconforto-no-palacio-do-planalto","status":"publish","type":"post","link":"https:\/\/portalcaetanos.com.br\/portal\/bolsonaro-e-levado-a-hospital-apos-sentir-desconforto-no-palacio-do-planalto\/","title":{"rendered":"Bolsonaro \u00e9 levado a hospital ap\u00f3s sentir desconforto no Pal\u00e1cio do Planalto"},"content":{"rendered":"<p style=\"text-align: justify;\">O\u00a0<a class=\"link \" href=\"https:\/\/br.yahoo.com\/topics\/ultimas-noticias-presidente-jair-bolsonaro\" data-ylk=\"slk:presidente Jair Bolsonaro\" data-rapid_p=\"16\" data-v9y=\"1\">presidente Jair Bolsonaro<\/a>\u00a0(PL) foi levado ao Hospital das For\u00e7as Armadas (HFA), em Bras\u00edlia, na noite desta segunda (28) ap\u00f3s passar mal e ser atendido pelos m\u00e9dicos da equipe presidencial, sendo deslocado ao HFA para realizar exames.<\/p>\n<p style=\"text-align: justify;\">A informa\u00e7\u00e3o foi confirmada pelo presidente do Republicanos, Marcos Pereira, durante evento de filia\u00e7\u00e3o dos ministros Tarc\u00edsio de Freitas e Damares Alves ao partido.<\/p>\n<p style=\"text-align: justify;\">&#8220;Primeira-dama Michelle, receba os nossos cumprimentos, as nossas ora\u00e7\u00f5es. Tenho certeza que o presidente est\u00e1 bem. S\u00e3o apenas uns exames que ele est\u00e1 fazendo, por isso n\u00e3o est\u00e1 presente aqui&#8221;, disse Pereira durante o evento.<\/p>\n<p style=\"text-align: justify;\">A suspeita \u00e9 de uma nova obstru\u00e7\u00e3o intestinal, algo que vem incomodando o presidente recentemente.<\/p>\n<p><a href=\"https:\/\/br.noticias.yahoo.com\/bolsonaro-e-internado-apos-sentir-desconforto-no-palacio-do-planalto-010717210.html\" target=\"_blank\" rel=\"noopener\">Fonte: YahooBrasil<\/a><\/p>\n","protected":false},"excerpt":{"rendered":"<p>O\u00a0presidente Jair Bolsonaro\u00a0(PL) foi levado ao Hospital das For\u00e7as Armadas (HFA), em Bras\u00edlia, na noite desta segunda (28) ap\u00f3s passar mal e ser atendido pelos m\u00e9dicos da equipe presidencial, sendo deslocado ao HFA para realizar exames. A informa\u00e7\u00e3o foi confirmada pelo presidente do Republicanos, Marcos Pereira, durante evento de filia\u00e7\u00e3o dos ministros Tarc\u00edsio de Freitas [&hellip;]<\/p>\n","protected":false},"author":1,"featured_media":5918,"comment_status":"closed","ping_status":"closed","sticky":false,"template":"","format":"standard","meta":{"footnotes":""},"categories":[15,10],"tags":[],"yoast_head":"<!-- This site is optimized with the Yoast SEO plugin v21.1 - https:\/\/yoast.com\/wordpress\/plugins\/seo\/ -->\n<title>Bolsonaro \u00e9 levado a hospital ap\u00f3s sentir desconforto no Pal\u00e1cio do Planalto - Portal Caetanos<\/title>\n<meta name=\"robots\" content=\"index, follow, max-snippet:-1, max-image-preview:large, max-video-preview:-1\" \/>\n<link rel=\"canonical\" href=\"https:\/\/portalcaetanos.com.br\/portal\/bolsonaro-e-levado-a-hospital-apos-sentir-desconforto-no-palacio-do-planalto\/\" \/>\n<meta property=\"og:locale\" content=\"pt_BR\" \/>\n<meta property=\"og:type\" content=\"article\" \/>\n<meta property=\"og:title\" content=\"Bolsonaro \u00e9 levado a hospital ap\u00f3s sentir desconforto no Pal\u00e1cio do Planalto - Portal Caetanos\" \/>\n<meta property=\"og:description\" content=\"O\u00a0presidente Jair Bolsonaro\u00a0(PL) foi levado ao Hospital das For\u00e7as Armadas (HFA), em Bras\u00edlia, na noite desta segunda (28) ap\u00f3s passar mal e ser atendido pelos m\u00e9dicos da equipe presidencial, sendo deslocado ao HFA para realizar exames. A informa\u00e7\u00e3o foi confirmada pelo presidente do Republicanos, Marcos Pereira, durante evento de filia\u00e7\u00e3o dos ministros Tarc\u00edsio de Freitas [&hellip;]\" \/>\n<meta property=\"og:url\" content=\"https:\/\/portalcaetanos.com.br\/portal\/bolsonaro-e-levado-a-hospital-apos-sentir-desconforto-no-palacio-do-planalto\/\" \/>\n<meta property=\"og:site_name\" content=\"Portal Caetanos\" \/>\n<meta property=\"article:published_time\" content=\"2022-03-29T09:21:26+00:00\" \/>\n<meta property=\"og:image\" content=\"https:\/\/portalcaetanos.com.br\/portal\/wp-content\/uploads\/2020\/12\/bol.jpg\" \/>\n\t<meta property=\"og:image:width\" content=\"718\" \/>\n\t<meta property=\"og:image:height\" content=\"459\" \/>\n\t<meta property=\"og:image:type\" content=\"image\/jpeg\" \/>\n<meta name=\"author\" content=\"Portal Caetanos\" \/>\n<meta name=\"twitter:card\" content=\"summary_large_image\" \/>\n<meta name=\"twitter:label1\" content=\"Escrito por\" \/>\n\t<meta name=\"twitter:data1\" content=\"Portal Caetanos\" \/>\n\t<meta name=\"twitter:label2\" content=\"Est. tempo de leitura\" \/>\n\t<meta name=\"twitter:data2\" content=\"1 minuto\" \/>\n<script type=\"application\/ld+json\" class=\"yoast-schema-graph\">{\"@context\":\"https:\/\/schema.org\",\"@graph\":[{\"@type\":\"Article\",\"@id\":\"https:\/\/portalcaetanos.com.br\/portal\/bolsonaro-e-levado-a-hospital-apos-sentir-desconforto-no-palacio-do-planalto\/#article\",\"isPartOf\":{\"@id\":\"https:\/\/portalcaetanos.com.br\/portal\/bolsonaro-e-levado-a-hospital-apos-sentir-desconforto-no-palacio-do-planalto\/\"},\"author\":{\"name\":\"Portal Caetanos\",\"@id\":\"https:\/\/portalcaetanos.com.br\/portal\/#\/schema\/person\/88d53c563139e7564971f4bdd105d296\"},\"headline\":\"Bolsonaro \u00e9 levado a hospital ap\u00f3s sentir desconforto no Pal\u00e1cio do Planalto\",\"datePublished\":\"2022-03-29T09:21:26+00:00\",\"dateModified\":\"2022-03-29T09:21:26+00:00\",\"mainEntityOfPage\":{\"@id\":\"https:\/\/portalcaetanos.com.br\/portal\/bolsonaro-e-levado-a-hospital-apos-sentir-desconforto-no-palacio-do-planalto\/\"},\"wordCount\":136,\"publisher\":{\"@id\":\"https:\/\/portalcaetanos.com.br\/portal\/#organization\"},\"articleSection\":[\"BRASIL\",\"DESTAQUES\"],\"inLanguage\":\"pt-BR\"},{\"@type\":\"WebPage\",\"@id\":\"https:\/\/portalcaetanos.com.br\/portal\/bolsonaro-e-levado-a-hospital-apos-sentir-desconforto-no-palacio-do-planalto\/\",\"url\":\"https:\/\/portalcaetanos.com.br\/portal\/bolsonaro-e-levado-a-hospital-apos-sentir-desconforto-no-palacio-do-planalto\/\",\"name\":\"Bolsonaro \u00e9 levado a hospital ap\u00f3s sentir desconforto no Pal\u00e1cio do Planalto - Portal Caetanos\",\"isPartOf\":{\"@id\":\"https:\/\/portalcaetanos.com.br\/portal\/#website\"},\"datePublished\":\"2022-03-29T09:21:26+00:00\",\"dateModified\":\"2022-03-29T09:21:26+00:00\",\"breadcrumb\":{\"@id\":\"https:\/\/portalcaetanos.com.br\/portal\/bolsonaro-e-levado-a-hospital-apos-sentir-desconforto-no-palacio-do-planalto\/#breadcrumb\"},\"inLanguage\":\"pt-BR\",\"potentialAction\":[{\"@type\":\"ReadAction\",\"target\":[\"https:\/\/portalcaetanos.com.br\/portal\/bolsonaro-e-levado-a-hospital-apos-sentir-desconforto-no-palacio-do-planalto\/\"]}]},{\"@type\":\"BreadcrumbList\",\"@id\":\"https:\/\/portalcaetanos.com.br\/portal\/bolsonaro-e-levado-a-hospital-apos-sentir-desconforto-no-palacio-do-planalto\/#breadcrumb\",\"itemListElement\":[{\"@type\":\"ListItem\",\"position\":1,\"name\":\"In\u00edcio\",\"item\":\"https:\/\/portalcaetanos.com.br\/portal\/\"},{\"@type\":\"ListItem\",\"position\":2,\"name\":\"Bolsonaro \u00e9 levado a hospital ap\u00f3s sentir desconforto no Pal\u00e1cio do Planalto\"}]},{\"@type\":\"WebSite\",\"@id\":\"https:\/\/portalcaetanos.com.br\/portal\/#website\",\"url\":\"https:\/\/portalcaetanos.com.br\/portal\/\",\"name\":\"Portal Caetanos\",\"description\":\"A Revista Eletr\u00f4nica da Cidade!\",\"publisher\":{\"@id\":\"https:\/\/portalcaetanos.com.br\/portal\/#organization\"},\"potentialAction\":[{\"@type\":\"SearchAction\",\"target\":{\"@type\":\"EntryPoint\",\"urlTemplate\":\"https:\/\/portalcaetanos.com.br\/portal\/?s={search_term_string}\"},\"query-input\":\"required name=search_term_string\"}],\"inLanguage\":\"pt-BR\"},{\"@type\":\"Organization\",\"@id\":\"https:\/\/portalcaetanos.com.br\/portal\/#organization\",\"name\":\"Portal Caetanos\",\"url\":\"https:\/\/portalcaetanos.com.br\/portal\/\",\"logo\":{\"@type\":\"ImageObject\",\"inLanguage\":\"pt-BR\",\"@id\":\"https:\/\/portalcaetanos.com.br\/portal\/#\/schema\/logo\/image\/\",\"url\":\"https:\/\/portalcaetanos.com.br\/portal\/wp-content\/uploads\/2018\/04\/logo_tes1.png\",\"contentUrl\":\"https:\/\/portalcaetanos.com.br\/portal\/wp-content\/uploads\/2018\/04\/logo_tes1.png\",\"width\":423,\"height\":88,\"caption\":\"Portal Caetanos\"},\"image\":{\"@id\":\"https:\/\/portalcaetanos.com.br\/portal\/#\/schema\/logo\/image\/\"}},{\"@type\":\"Person\",\"@id\":\"https:\/\/portalcaetanos.com.br\/portal\/#\/schema\/person\/88d53c563139e7564971f4bdd105d296\",\"name\":\"Portal Caetanos\",\"image\":{\"@type\":\"ImageObject\",\"inLanguage\":\"pt-BR\",\"@id\":\"https:\/\/portalcaetanos.com.br\/portal\/#\/schema\/person\/image\/\",\"url\":\"https:\/\/secure.gravatar.com\/avatar\/964aa13353eaeb8201a538a7a410b4a1?s=96&d=mm&r=g\",\"contentUrl\":\"https:\/\/secure.gravatar.com\/avatar\/964aa13353eaeb8201a538a7a410b4a1?s=96&d=mm&r=g\",\"caption\":\"Portal Caetanos\"},\"url\":\"https:\/\/portalcaetanos.com.br\/portal\/author\/portal-caetanos\/\"}]}<\/script>\n<!-- \/ Yoast SEO plugin. -->","yoast_head_json":{"title":"Bolsonaro \u00e9 levado a hospital ap\u00f3s sentir desconforto no Pal\u00e1cio do Planalto - Portal Caetanos","robots":{"index":"index","follow":"follow","max-snippet":"max-snippet:-1","max-image-preview":"max-image-preview:large","max-video-preview":"max-video-preview:-1"},"canonical":"https:\/\/portalcaetanos.com.br\/portal\/bolsonaro-e-levado-a-hospital-apos-sentir-desconforto-no-palacio-do-planalto\/","og_locale":"pt_BR","og_type":"article","og_title":"Bolsonaro \u00e9 levado a hospital ap\u00f3s sentir desconforto no Pal\u00e1cio do Planalto - Portal Caetanos","og_description":"O\u00a0presidente Jair Bolsonaro\u00a0(PL) foi levado ao Hospital das For\u00e7as Armadas (HFA), em Bras\u00edlia, na noite desta segunda (28) ap\u00f3s passar mal e ser atendido pelos m\u00e9dicos da equipe presidencial, sendo deslocado ao HFA para realizar exames. A informa\u00e7\u00e3o foi confirmada pelo presidente do Republicanos, Marcos Pereira, durante evento de filia\u00e7\u00e3o dos ministros Tarc\u00edsio de Freitas [&hellip;]","og_url":"https:\/\/portalcaetanos.com.br\/portal\/bolsonaro-e-levado-a-hospital-apos-sentir-desconforto-no-palacio-do-planalto\/","og_site_name":"Portal Caetanos","article_published_time":"2022-03-29T09:21:26+00:00","og_image":[{"width":718,"height":459,"url":"https:\/\/portalcaetanos.com.br\/portal\/wp-content\/uploads\/2020\/12\/bol.jpg","type":"image\/jpeg"}],"author":"Portal Caetanos","twitter_card":"summary_large_image","twitter_misc":{"Escrito por":"Portal Caetanos","Est. tempo de leitura":"1 minuto"},"schema":{"@context":"https:\/\/schema.org","@graph":[{"@type":"Article","@id":"https:\/\/portalcaetanos.com.br\/portal\/bolsonaro-e-levado-a-hospital-apos-sentir-desconforto-no-palacio-do-planalto\/#article","isPartOf":{"@id":"https:\/\/portalcaetanos.com.br\/portal\/bolsonaro-e-levado-a-hospital-apos-sentir-desconforto-no-palacio-do-planalto\/"},"author":{"name":"Portal Caetanos","@id":"https:\/\/portalcaetanos.com.br\/portal\/#\/schema\/person\/88d53c563139e7564971f4bdd105d296"},"headline":"Bolsonaro \u00e9 levado a hospital ap\u00f3s sentir desconforto no Pal\u00e1cio do Planalto","datePublished":"2022-03-29T09:21:26+00:00","dateModified":"2022-03-29T09:21:26+00:00","mainEntityOfPage":{"@id":"https:\/\/portalcaetanos.com.br\/portal\/bolsonaro-e-levado-a-hospital-apos-sentir-desconforto-no-palacio-do-planalto\/"},"wordCount":136,"publisher":{"@id":"https:\/\/portalcaetanos.com.br\/portal\/#organization"},"articleSection":["BRASIL","DESTAQUES"],"inLanguage":"pt-BR"},{"@type":"WebPage","@id":"https:\/\/portalcaetanos.com.br\/portal\/bolsonaro-e-levado-a-hospital-apos-sentir-desconforto-no-palacio-do-planalto\/","url":"https:\/\/portalcaetanos.com.br\/portal\/bolsonaro-e-levado-a-hospital-apos-sentir-desconforto-no-palacio-do-planalto\/","name":"Bolsonaro \u00e9 levado a hospital ap\u00f3s sentir desconforto no Pal\u00e1cio do Planalto - Portal Caetanos","isPartOf":{"@id":"https:\/\/portalcaetanos.com.br\/portal\/#website"},"datePublished":"2022-03-29T09:21:26+00:00","dateModified":"2022-03-29T09:21:26+00:00","breadcrumb":{"@id":"https:\/\/portalcaetanos.com.br\/portal\/bolsonaro-e-levado-a-hospital-apos-sentir-desconforto-no-palacio-do-planalto\/#breadcrumb"},"inLanguage":"pt-BR","potentialAction":[{"@type":"ReadAction","target":["https:\/\/portalcaetanos.com.br\/portal\/bolsonaro-e-levado-a-hospital-apos-sentir-desconforto-no-palacio-do-planalto\/"]}]},{"@type":"BreadcrumbList","@id":"https:\/\/portalcaetanos.com.br\/portal\/bolsonaro-e-levado-a-hospital-apos-sentir-desconforto-no-palacio-do-planalto\/#breadcrumb","itemListElement":[{"@type":"ListItem","position":1,"name":"In\u00edcio","item":"https:\/\/portalcaetanos.com.br\/portal\/"},{"@type":"ListItem","position":2,"name":"Bolsonaro \u00e9 levado a hospital ap\u00f3s sentir desconforto no Pal\u00e1cio do Planalto"}]},{"@type":"WebSite","@id":"https:\/\/portalcaetanos.com.br\/portal\/#website","url":"https:\/\/portalcaetanos.com.br\/portal\/","name":"Portal Caetanos","description":"A Revista Eletr\u00f4nica da Cidade!","publisher":{"@id":"https:\/\/portalcaetanos.com.br\/portal\/#organization"},"potentialAction":[{"@type":"SearchAction","target":{"@type":"EntryPoint","urlTemplate":"https:\/\/portalcaetanos.com.br\/portal\/?s={search_term_string}"},"query-input":"required name=search_term_string"}],"inLanguage":"pt-BR"},{"@type":"Organization","@id":"https:\/\/portalcaetanos.com.br\/portal\/#organization","name":"Portal Caetanos","url":"https:\/\/portalcaetanos.com.br\/portal\/","logo":{"@type":"ImageObject","inLanguage":"pt-BR","@id":"https:\/\/portalcaetanos.com.br\/portal\/#\/schema\/logo\/image\/","url":"https:\/\/portalcaetanos.com.br\/portal\/wp-content\/uploads\/2018\/04\/logo_tes1.png","contentUrl":"https:\/\/portalcaetanos.com.br\/portal\/wp-content\/uploads\/2018\/04\/logo_tes1.png","width":423,"height":88,"caption":"Portal Caetanos"},"image":{"@id":"https:\/\/portalcaetanos.com.br\/portal\/#\/schema\/logo\/image\/"}},{"@type":"Person","@id":"https:\/\/portalcaetanos.com.br\/portal\/#\/schema\/person\/88d53c563139e7564971f4bdd105d296","name":"Portal Caetanos","image":{"@type":"ImageObject","inLanguage":"pt-BR","@id":"https:\/\/portalcaetanos.com.br\/portal\/#\/schema\/person\/image\/","url":"https:\/\/secure.gravatar.com\/avatar\/964aa13353eaeb8201a538a7a410b4a1?s=96&d=mm&r=g","contentUrl":"https:\/\/secure.gravatar.com\/avatar\/964aa13353eaeb8201a538a7a410b4a1?s=96&d=mm&r=g","caption":"Portal Caetanos"},"url":"https:\/\/portalcaetanos.com.br\/portal\/author\/portal-caetanos\/"}]}},"_links":{"self":[{"href":"https:\/\/portalcaetanos.com.br\/portal\/wp-json\/wp\/v2\/posts\/6774"}],"collection":[{"href":"https:\/\/portalcaetanos.com.br\/portal\/wp-json\/wp\/v2\/posts"}],"about":[{"href":"https:\/\/portalcaetanos.com.br\/portal\/wp-json\/wp\/v2\/types\/post"}],"author":[{"embeddable":true,"href":"https:\/\/portalcaetanos.com.br\/portal\/wp-json\/wp\/v2\/users\/1"}],"replies":[{"embeddable":true,"href":"https:\/\/portalcaetanos.com.br\/portal\/wp-json\/wp\/v2\/comments?post=6774"}],"version-history":[{"count":1,"href":"https:\/\/portalcaetanos.com.br\/portal\/wp-json\/wp\/v2\/posts\/6774\/revisions"}],"predecessor-version":[{"id":6775,"href":"https:\/\/portalcaetanos.com.br\/portal\/wp-json\/wp\/v2\/posts\/6774\/revisions\/6775"}],"wp:featuredmedia":[{"embeddable":true,"href":"https:\/\/portalcaetanos.com.br\/portal\/wp-json\/wp\/v2\/media\/5918"}],"wp:attachment":[{"href":"https:\/\/portalcaetanos.com.br\/portal\/wp-json\/wp\/v2\/media?parent=6774"}],"wp:term":[{"taxonomy":"category","embeddable":true,"href":"https:\/\/portalcaetanos.com.br\/portal\/wp-json\/wp\/v2\/categories?post=6774"},{"taxonomy":"post_tag","embeddable":true,"href":"https:\/\/portalcaetanos.com.br\/portal\/wp-json\/wp\/v2\/tags?post=6774"}],"curies":[{"name":"wp","href":"https:\/\/api.w.org\/{rel}","templated":true}]}}