{"id":6002,"date":"2021-01-01T20:23:08","date_gmt":"2021-01-01T23:23:08","guid":{"rendered":"http:\/\/portalcaetanos.com.br\/portal\/?p=6002"},"modified":"2021-01-01T20:23:08","modified_gmt":"2021-01-01T23:23:08","slug":"prefeita-e-vereadores-de-maetinga-tomam-posse-veja-lista-de-eleitos","status":"publish","type":"post","link":"https:\/\/portalcaetanos.com.br\/portal\/prefeita-e-vereadores-de-maetinga-tomam-posse-veja-lista-de-eleitos\/","title":{"rendered":"Prefeita e vereadores de Maetinga tomam posse; veja lista de eleitos"},"content":{"rendered":"<p style=\"text-align: justify;\">A nova prefeita de Maetinga, Dra Aline (PL), toma posse nesta sexta-feira (1\u00ba). Al\u00e9m dela, 9 vereadores assumem o cargo na C\u00e2mara Municipal para a legislatura 2021-2024.<\/p>\n<p style=\"text-align: justify;\">A prefeita Aline Costa Aguiar Silveira tem 39 anos, \u00e9 casada, declara ao TSE a ocupa\u00e7\u00e3o de advogada e tem superior completo. Ela tem um patrim\u00f4nio declarado de R$ 920.000,00. J\u00e1 o vice Valdivio Lima (Valdivio Pereira Lima), do PC do B, tem 52 anos, \u00e9 casado, declara ao TSE a ocupa\u00e7\u00e3o de professor de ensino fundamental e tem ensino m\u00e9dio completo. Ele tem um patrim\u00f4nio declarado de R$ 420.000,00.<\/p>\n<p style=\"text-align: justify;\">A prefeita e os vereadores do munic\u00edpio foram eleitos em novembro do ano passado. A maior bancada da C\u00e2mara ser\u00e1 do PL, com 5 vereadores.<\/p>\n<p style=\"text-align: justify;\">Cabe ao prefeita decidir onde aplicar os recursos repassados ao munic\u00edpio pelo Estado ou pelo governo federal e como administrar o que \u00e9 arrecadado de impostos, como IPTU e ISS. Ele tamb\u00e9m \u00e9 respons\u00e1vel pelas pol\u00edticas de \u00e1reas como educa\u00e7\u00e3o, sa\u00fade, moradia, transporte p\u00fablico e saneamento b\u00e1sico. Para isso, conta com secret\u00e1rios que s\u00e3o nomeados. A prefeita tamb\u00e9m precisa trabalhar junto com os vereadores, que representam os cidad\u00e3os no Legislativo municipal.<\/p>\n<p style=\"text-align: justify;\">Os vereadores s\u00e3o respons\u00e1veis por elaborar e propor leis. Os vereadores podem decidir, por exemplo, sobre a cria\u00e7\u00e3o de pol\u00edticas p\u00fablicas. E t\u00eam a obriga\u00e7\u00e3o de fiscalizar o uso do dinheiro pelo Executivo e analisar a Lei Or\u00e7ament\u00e1ria Anual (LOA), que estabelece as despesas do ano seguinte do munic\u00edpio.<\/p>\n<div class=\"globo-amp-ad-container\">\n<div class=\"globo-amp-ad\">\n<p style=\"text-align: justify;\">H\u00e1 a possibilidade de vereadores deixarem os cargos para assumir fun\u00e7\u00f5es na prefeitura. Quando isso acontece, o cargo \u00e9 assumido por um suplente.<\/p>\n<p style=\"text-align: justify;\">Os vereadores de Maetinga v\u00e3o representar 2.764 habitantes. A cidade baiana tem um PIB de R$ 44.297.766,00 e um IDH (\u00cdndice de Desenvolvimento Humano) de 0,538, segundo a \u00faltima medi\u00e7\u00e3o do IBGE, que \u00e9 de 2010. O IDH vai de 0 a 1 \u2013 quanto maior, mais desenvolvida a cidade \u2013 e tem como base indicadores de sa\u00fade, educa\u00e7\u00e3o e renda. A m\u00e9dia no Brasil \u00e9 de 0,765, segundo dados de 2019 divulgados em 15 de dezembro de 2020 pelo Programa de Desenvolvimento das Na\u00e7\u00f5es Unidas (PNUD).<\/p>\n<p style=\"text-align: justify;\"><em>Fonte: G1<\/em><\/p>\n<p style=\"text-align: justify;\">\u00a0<\/p>\n<\/div>\n<\/div>\n","protected":false},"excerpt":{"rendered":"<p>A nova prefeita de Maetinga, Dra Aline (PL), toma posse nesta sexta-feira (1\u00ba). Al\u00e9m dela, 9 vereadores assumem o cargo na C\u00e2mara Municipal para a legislatura 2021-2024. A prefeita Aline Costa Aguiar Silveira tem 39 anos, \u00e9 casada, declara ao TSE a ocupa\u00e7\u00e3o de advogada e tem superior completo. Ela tem um patrim\u00f4nio declarado de [&hellip;]<\/p>\n","protected":false},"author":1,"featured_media":6003,"comment_status":"closed","ping_status":"closed","sticky":false,"template":"","format":"standard","meta":{"footnotes":""},"categories":[22,10],"tags":[],"yoast_head":"<!-- This site is optimized with the Yoast SEO plugin v21.1 - https:\/\/yoast.com\/wordpress\/plugins\/seo\/ -->\n<title>Prefeita e vereadores de Maetinga tomam posse; veja lista de eleitos - Portal Caetanos<\/title>\n<meta name=\"robots\" content=\"index, follow, max-snippet:-1, max-image-preview:large, max-video-preview:-1\" \/>\n<link rel=\"canonical\" href=\"https:\/\/portalcaetanos.com.br\/portal\/prefeita-e-vereadores-de-maetinga-tomam-posse-veja-lista-de-eleitos\/\" \/>\n<meta property=\"og:locale\" content=\"pt_BR\" \/>\n<meta property=\"og:type\" content=\"article\" \/>\n<meta property=\"og:title\" content=\"Prefeita e vereadores de Maetinga tomam posse; veja lista de eleitos - Portal Caetanos\" \/>\n<meta property=\"og:description\" content=\"A nova prefeita de Maetinga, Dra Aline (PL), toma posse nesta sexta-feira (1\u00ba). Al\u00e9m dela, 9 vereadores assumem o cargo na C\u00e2mara Municipal para a legislatura 2021-2024. A prefeita Aline Costa Aguiar Silveira tem 39 anos, \u00e9 casada, declara ao TSE a ocupa\u00e7\u00e3o de advogada e tem superior completo. Ela tem um patrim\u00f4nio declarado de [&hellip;]\" \/>\n<meta property=\"og:url\" content=\"https:\/\/portalcaetanos.com.br\/portal\/prefeita-e-vereadores-de-maetinga-tomam-posse-veja-lista-de-eleitos\/\" \/>\n<meta property=\"og:site_name\" content=\"Portal Caetanos\" \/>\n<meta property=\"article:published_time\" content=\"2021-01-01T23:23:08+00:00\" \/>\n<meta property=\"og:image\" content=\"https:\/\/portalcaetanos.com.br\/portal\/wp-content\/uploads\/2021\/01\/alin.jpg\" \/>\n\t<meta property=\"og:image:width\" content=\"601\" \/>\n\t<meta property=\"og:image:height\" content=\"374\" \/>\n\t<meta property=\"og:image:type\" content=\"image\/jpeg\" \/>\n<meta name=\"author\" content=\"Portal Caetanos\" \/>\n<meta name=\"twitter:card\" content=\"summary_large_image\" \/>\n<meta name=\"twitter:label1\" content=\"Escrito por\" \/>\n\t<meta name=\"twitter:data1\" content=\"Portal Caetanos\" \/>\n\t<meta name=\"twitter:label2\" content=\"Est. tempo de leitura\" \/>\n\t<meta name=\"twitter:data2\" content=\"2 minutos\" \/>\n<script type=\"application\/ld+json\" class=\"yoast-schema-graph\">{\"@context\":\"https:\/\/schema.org\",\"@graph\":[{\"@type\":\"Article\",\"@id\":\"https:\/\/portalcaetanos.com.br\/portal\/prefeita-e-vereadores-de-maetinga-tomam-posse-veja-lista-de-eleitos\/#article\",\"isPartOf\":{\"@id\":\"https:\/\/portalcaetanos.com.br\/portal\/prefeita-e-vereadores-de-maetinga-tomam-posse-veja-lista-de-eleitos\/\"},\"author\":{\"name\":\"Portal Caetanos\",\"@id\":\"https:\/\/portalcaetanos.com.br\/portal\/#\/schema\/person\/88d53c563139e7564971f4bdd105d296\"},\"headline\":\"Prefeita e vereadores de Maetinga tomam posse; veja lista de eleitos\",\"datePublished\":\"2021-01-01T23:23:08+00:00\",\"dateModified\":\"2021-01-01T23:23:08+00:00\",\"mainEntityOfPage\":{\"@id\":\"https:\/\/portalcaetanos.com.br\/portal\/prefeita-e-vereadores-de-maetinga-tomam-posse-veja-lista-de-eleitos\/\"},\"wordCount\":377,\"publisher\":{\"@id\":\"https:\/\/portalcaetanos.com.br\/portal\/#organization\"},\"articleSection\":[\"BAHIA\",\"DESTAQUES\"],\"inLanguage\":\"pt-BR\"},{\"@type\":\"WebPage\",\"@id\":\"https:\/\/portalcaetanos.com.br\/portal\/prefeita-e-vereadores-de-maetinga-tomam-posse-veja-lista-de-eleitos\/\",\"url\":\"https:\/\/portalcaetanos.com.br\/portal\/prefeita-e-vereadores-de-maetinga-tomam-posse-veja-lista-de-eleitos\/\",\"name\":\"Prefeita e vereadores de Maetinga tomam posse; veja lista de eleitos - Portal Caetanos\",\"isPartOf\":{\"@id\":\"https:\/\/portalcaetanos.com.br\/portal\/#website\"},\"datePublished\":\"2021-01-01T23:23:08+00:00\",\"dateModified\":\"2021-01-01T23:23:08+00:00\",\"breadcrumb\":{\"@id\":\"https:\/\/portalcaetanos.com.br\/portal\/prefeita-e-vereadores-de-maetinga-tomam-posse-veja-lista-de-eleitos\/#breadcrumb\"},\"inLanguage\":\"pt-BR\",\"potentialAction\":[{\"@type\":\"ReadAction\",\"target\":[\"https:\/\/portalcaetanos.com.br\/portal\/prefeita-e-vereadores-de-maetinga-tomam-posse-veja-lista-de-eleitos\/\"]}]},{\"@type\":\"BreadcrumbList\",\"@id\":\"https:\/\/portalcaetanos.com.br\/portal\/prefeita-e-vereadores-de-maetinga-tomam-posse-veja-lista-de-eleitos\/#breadcrumb\",\"itemListElement\":[{\"@type\":\"ListItem\",\"position\":1,\"name\":\"In\u00edcio\",\"item\":\"https:\/\/portalcaetanos.com.br\/portal\/\"},{\"@type\":\"ListItem\",\"position\":2,\"name\":\"Prefeita e vereadores de Maetinga tomam posse; veja lista de eleitos\"}]},{\"@type\":\"WebSite\",\"@id\":\"https:\/\/portalcaetanos.com.br\/portal\/#website\",\"url\":\"https:\/\/portalcaetanos.com.br\/portal\/\",\"name\":\"Portal Caetanos\",\"description\":\"A Revista Eletr\u00f4nica da Cidade!\",\"publisher\":{\"@id\":\"https:\/\/portalcaetanos.com.br\/portal\/#organization\"},\"potentialAction\":[{\"@type\":\"SearchAction\",\"target\":{\"@type\":\"EntryPoint\",\"urlTemplate\":\"https:\/\/portalcaetanos.com.br\/portal\/?s={search_term_string}\"},\"query-input\":\"required name=search_term_string\"}],\"inLanguage\":\"pt-BR\"},{\"@type\":\"Organization\",\"@id\":\"https:\/\/portalcaetanos.com.br\/portal\/#organization\",\"name\":\"Portal Caetanos\",\"url\":\"https:\/\/portalcaetanos.com.br\/portal\/\",\"logo\":{\"@type\":\"ImageObject\",\"inLanguage\":\"pt-BR\",\"@id\":\"https:\/\/portalcaetanos.com.br\/portal\/#\/schema\/logo\/image\/\",\"url\":\"https:\/\/portalcaetanos.com.br\/portal\/wp-content\/uploads\/2018\/04\/logo_tes1.png\",\"contentUrl\":\"https:\/\/portalcaetanos.com.br\/portal\/wp-content\/uploads\/2018\/04\/logo_tes1.png\",\"width\":423,\"height\":88,\"caption\":\"Portal Caetanos\"},\"image\":{\"@id\":\"https:\/\/portalcaetanos.com.br\/portal\/#\/schema\/logo\/image\/\"}},{\"@type\":\"Person\",\"@id\":\"https:\/\/portalcaetanos.com.br\/portal\/#\/schema\/person\/88d53c563139e7564971f4bdd105d296\",\"name\":\"Portal Caetanos\",\"image\":{\"@type\":\"ImageObject\",\"inLanguage\":\"pt-BR\",\"@id\":\"https:\/\/portalcaetanos.com.br\/portal\/#\/schema\/person\/image\/\",\"url\":\"https:\/\/secure.gravatar.com\/avatar\/964aa13353eaeb8201a538a7a410b4a1?s=96&d=mm&r=g\",\"contentUrl\":\"https:\/\/secure.gravatar.com\/avatar\/964aa13353eaeb8201a538a7a410b4a1?s=96&d=mm&r=g\",\"caption\":\"Portal Caetanos\"},\"url\":\"https:\/\/portalcaetanos.com.br\/portal\/author\/portal-caetanos\/\"}]}<\/script>\n<!-- \/ Yoast SEO plugin. -->","yoast_head_json":{"title":"Prefeita e vereadores de Maetinga tomam posse; veja lista de eleitos - Portal Caetanos","robots":{"index":"index","follow":"follow","max-snippet":"max-snippet:-1","max-image-preview":"max-image-preview:large","max-video-preview":"max-video-preview:-1"},"canonical":"https:\/\/portalcaetanos.com.br\/portal\/prefeita-e-vereadores-de-maetinga-tomam-posse-veja-lista-de-eleitos\/","og_locale":"pt_BR","og_type":"article","og_title":"Prefeita e vereadores de Maetinga tomam posse; veja lista de eleitos - Portal Caetanos","og_description":"A nova prefeita de Maetinga, Dra Aline (PL), toma posse nesta sexta-feira (1\u00ba). Al\u00e9m dela, 9 vereadores assumem o cargo na C\u00e2mara Municipal para a legislatura 2021-2024. A prefeita Aline Costa Aguiar Silveira tem 39 anos, \u00e9 casada, declara ao TSE a ocupa\u00e7\u00e3o de advogada e tem superior completo. Ela tem um patrim\u00f4nio declarado de [&hellip;]","og_url":"https:\/\/portalcaetanos.com.br\/portal\/prefeita-e-vereadores-de-maetinga-tomam-posse-veja-lista-de-eleitos\/","og_site_name":"Portal Caetanos","article_published_time":"2021-01-01T23:23:08+00:00","og_image":[{"width":601,"height":374,"url":"https:\/\/portalcaetanos.com.br\/portal\/wp-content\/uploads\/2021\/01\/alin.jpg","type":"image\/jpeg"}],"author":"Portal Caetanos","twitter_card":"summary_large_image","twitter_misc":{"Escrito por":"Portal Caetanos","Est. tempo de leitura":"2 minutos"},"schema":{"@context":"https:\/\/schema.org","@graph":[{"@type":"Article","@id":"https:\/\/portalcaetanos.com.br\/portal\/prefeita-e-vereadores-de-maetinga-tomam-posse-veja-lista-de-eleitos\/#article","isPartOf":{"@id":"https:\/\/portalcaetanos.com.br\/portal\/prefeita-e-vereadores-de-maetinga-tomam-posse-veja-lista-de-eleitos\/"},"author":{"name":"Portal Caetanos","@id":"https:\/\/portalcaetanos.com.br\/portal\/#\/schema\/person\/88d53c563139e7564971f4bdd105d296"},"headline":"Prefeita e vereadores de Maetinga tomam posse; veja lista de eleitos","datePublished":"2021-01-01T23:23:08+00:00","dateModified":"2021-01-01T23:23:08+00:00","mainEntityOfPage":{"@id":"https:\/\/portalcaetanos.com.br\/portal\/prefeita-e-vereadores-de-maetinga-tomam-posse-veja-lista-de-eleitos\/"},"wordCount":377,"publisher":{"@id":"https:\/\/portalcaetanos.com.br\/portal\/#organization"},"articleSection":["BAHIA","DESTAQUES"],"inLanguage":"pt-BR"},{"@type":"WebPage","@id":"https:\/\/portalcaetanos.com.br\/portal\/prefeita-e-vereadores-de-maetinga-tomam-posse-veja-lista-de-eleitos\/","url":"https:\/\/portalcaetanos.com.br\/portal\/prefeita-e-vereadores-de-maetinga-tomam-posse-veja-lista-de-eleitos\/","name":"Prefeita e vereadores de Maetinga tomam posse; veja lista de eleitos - Portal Caetanos","isPartOf":{"@id":"https:\/\/portalcaetanos.com.br\/portal\/#website"},"datePublished":"2021-01-01T23:23:08+00:00","dateModified":"2021-01-01T23:23:08+00:00","breadcrumb":{"@id":"https:\/\/portalcaetanos.com.br\/portal\/prefeita-e-vereadores-de-maetinga-tomam-posse-veja-lista-de-eleitos\/#breadcrumb"},"inLanguage":"pt-BR","potentialAction":[{"@type":"ReadAction","target":["https:\/\/portalcaetanos.com.br\/portal\/prefeita-e-vereadores-de-maetinga-tomam-posse-veja-lista-de-eleitos\/"]}]},{"@type":"BreadcrumbList","@id":"https:\/\/portalcaetanos.com.br\/portal\/prefeita-e-vereadores-de-maetinga-tomam-posse-veja-lista-de-eleitos\/#breadcrumb","itemListElement":[{"@type":"ListItem","position":1,"name":"In\u00edcio","item":"https:\/\/portalcaetanos.com.br\/portal\/"},{"@type":"ListItem","position":2,"name":"Prefeita e vereadores de Maetinga tomam posse; veja lista de eleitos"}]},{"@type":"WebSite","@id":"https:\/\/portalcaetanos.com.br\/portal\/#website","url":"https:\/\/portalcaetanos.com.br\/portal\/","name":"Portal Caetanos","description":"A Revista Eletr\u00f4nica da Cidade!","publisher":{"@id":"https:\/\/portalcaetanos.com.br\/portal\/#organization"},"potentialAction":[{"@type":"SearchAction","target":{"@type":"EntryPoint","urlTemplate":"https:\/\/portalcaetanos.com.br\/portal\/?s={search_term_string}"},"query-input":"required name=search_term_string"}],"inLanguage":"pt-BR"},{"@type":"Organization","@id":"https:\/\/portalcaetanos.com.br\/portal\/#organization","name":"Portal Caetanos","url":"https:\/\/portalcaetanos.com.br\/portal\/","logo":{"@type":"ImageObject","inLanguage":"pt-BR","@id":"https:\/\/portalcaetanos.com.br\/portal\/#\/schema\/logo\/image\/","url":"https:\/\/portalcaetanos.com.br\/portal\/wp-content\/uploads\/2018\/04\/logo_tes1.png","contentUrl":"https:\/\/portalcaetanos.com.br\/portal\/wp-content\/uploads\/2018\/04\/logo_tes1.png","width":423,"height":88,"caption":"Portal Caetanos"},"image":{"@id":"https:\/\/portalcaetanos.com.br\/portal\/#\/schema\/logo\/image\/"}},{"@type":"Person","@id":"https:\/\/portalcaetanos.com.br\/portal\/#\/schema\/person\/88d53c563139e7564971f4bdd105d296","name":"Portal Caetanos","image":{"@type":"ImageObject","inLanguage":"pt-BR","@id":"https:\/\/portalcaetanos.com.br\/portal\/#\/schema\/person\/image\/","url":"https:\/\/secure.gravatar.com\/avatar\/964aa13353eaeb8201a538a7a410b4a1?s=96&d=mm&r=g","contentUrl":"https:\/\/secure.gravatar.com\/avatar\/964aa13353eaeb8201a538a7a410b4a1?s=96&d=mm&r=g","caption":"Portal Caetanos"},"url":"https:\/\/portalcaetanos.com.br\/portal\/author\/portal-caetanos\/"}]}},"_links":{"self":[{"href":"https:\/\/portalcaetanos.com.br\/portal\/wp-json\/wp\/v2\/posts\/6002"}],"collection":[{"href":"https:\/\/portalcaetanos.com.br\/portal\/wp-json\/wp\/v2\/posts"}],"about":[{"href":"https:\/\/portalcaetanos.com.br\/portal\/wp-json\/wp\/v2\/types\/post"}],"author":[{"embeddable":true,"href":"https:\/\/portalcaetanos.com.br\/portal\/wp-json\/wp\/v2\/users\/1"}],"replies":[{"embeddable":true,"href":"https:\/\/portalcaetanos.com.br\/portal\/wp-json\/wp\/v2\/comments?post=6002"}],"version-history":[{"count":1,"href":"https:\/\/portalcaetanos.com.br\/portal\/wp-json\/wp\/v2\/posts\/6002\/revisions"}],"predecessor-version":[{"id":6004,"href":"https:\/\/portalcaetanos.com.br\/portal\/wp-json\/wp\/v2\/posts\/6002\/revisions\/6004"}],"wp:featuredmedia":[{"embeddable":true,"href":"https:\/\/portalcaetanos.com.br\/portal\/wp-json\/wp\/v2\/media\/6003"}],"wp:attachment":[{"href":"https:\/\/portalcaetanos.com.br\/portal\/wp-json\/wp\/v2\/media?parent=6002"}],"wp:term":[{"taxonomy":"category","embeddable":true,"href":"https:\/\/portalcaetanos.com.br\/portal\/wp-json\/wp\/v2\/categories?post=6002"},{"taxonomy":"post_tag","embeddable":true,"href":"https:\/\/portalcaetanos.com.br\/portal\/wp-json\/wp\/v2\/tags?post=6002"}],"curies":[{"name":"wp","href":"https:\/\/api.w.org\/{rel}","templated":true}]}}