{"id":420,"date":"2013-12-14T14:29:09","date_gmt":"2013-12-14T17:29:09","guid":{"rendered":"http:\/\/portalcaetanos.com.br\/portal\/?p=420"},"modified":"2013-12-14T14:30:52","modified_gmt":"2013-12-14T17:30:52","slug":"batida-envolvendo-viatura-da-pm-deixa-quatro-pessoas-feridas","status":"publish","type":"post","link":"https:\/\/portalcaetanos.com.br\/portal\/batida-envolvendo-viatura-da-pm-deixa-quatro-pessoas-feridas\/","title":{"rendered":"Batida envolvendo viatura da PM deixa quatro pessoas feridas em V. da Conquista."},"content":{"rendered":"<p><a href=\"http:\/\/portalcaetanos.com.br\/portal\/wp-content\/uploads\/2013\/12\/VIATURA.jpg\"><img decoding=\"async\" loading=\"lazy\" class=\"alignleft size-medium wp-image-421\" alt=\"VIATURA\" src=\"http:\/\/portalcaetanos.com.br\/portal\/wp-content\/uploads\/2013\/12\/VIATURA-300x198.jpg\" width=\"300\" height=\"198\" srcset=\"https:\/\/portalcaetanos.com.br\/portal\/wp-content\/uploads\/2013\/12\/VIATURA-300x198.jpg 300w, https:\/\/portalcaetanos.com.br\/portal\/wp-content\/uploads\/2013\/12\/VIATURA-220x146.jpg 220w, https:\/\/portalcaetanos.com.br\/portal\/wp-content\/uploads\/2013\/12\/VIATURA.jpg 400w\" sizes=\"(max-width: 300px) 100vw, 300px\" \/><\/a>colis\u00e3o entre uma viatura da Pol\u00edcia Militar, lotada na Base Comunit\u00e1ria do Nova Cidade, e um Corsa, deixou quatro pessoas feridas no cruzamento entre a Pra\u00e7a Joaquim Correia e a Rua dos Andrades, por volta das 22 horas desta sexta-feira (13).<\/p>\n<p>De acordo com testemunhas, a viatura militar subia a rua dos Andrades com destino a uma dilig\u00eancia quando o Corsa avan\u00e7ou a via. O condutor do carro oficial bateu no carro de passeio atingindo o canteiro do Supermercado Santo Ant\u00f4nio.<\/p>\n<p>Um dos pol\u00edcias sofreu leves ferimentos no nariz, gra\u00e7as ao airbag. Duas equipes do Servi\u00e7o de Atendimento M\u00f3vel de Urg\u00eancia (SAMU) realizaram os resgates das vitimas e as levaram a hospitais.<\/p>\n<figure id=\"attachment_422\" aria-describedby=\"caption-attachment-422\" style=\"width: 300px\" class=\"wp-caption alignleft\"><a href=\"http:\/\/portalcaetanos.com.br\/portal\/wp-content\/uploads\/2013\/12\/leva.jpg\"><img decoding=\"async\" loading=\"lazy\" class=\"size-medium wp-image-422\" alt=\"Foto (Blog do Anderson)\" src=\"http:\/\/portalcaetanos.com.br\/portal\/wp-content\/uploads\/2013\/12\/leva-300x198.jpg\" width=\"300\" height=\"198\" srcset=\"https:\/\/portalcaetanos.com.br\/portal\/wp-content\/uploads\/2013\/12\/leva-300x198.jpg 300w, https:\/\/portalcaetanos.com.br\/portal\/wp-content\/uploads\/2013\/12\/leva-220x146.jpg 220w, https:\/\/portalcaetanos.com.br\/portal\/wp-content\/uploads\/2013\/12\/leva.jpg 400w\" sizes=\"(max-width: 300px) 100vw, 300px\" \/><\/a><figcaption id=\"caption-attachment-422\" class=\"wp-caption-text\">Foto (Blog do Anderson)<\/figcaption><\/figure>\n<p>O Departamento de Pol\u00edcia T\u00e9cnica \u00e9 a respons\u00e1vel pela pericia do acidente. As identidades e os estados de sa\u00fade dos feridos ocupantes do Corsa ainda n\u00e3o foram divulgados.<\/p>\n<p>&nbsp;<\/p>\n<p>Fonte : Blog do Anderson<\/p>\n<p>&nbsp;<\/p>\n<p>&nbsp;<\/p>\n","protected":false},"excerpt":{"rendered":"<p>colis\u00e3o entre uma viatura da Pol\u00edcia Militar, lotada na Base Comunit\u00e1ria do Nova Cidade, e um Corsa, deixou quatro pessoas feridas no cruzamento entre a Pra\u00e7a Joaquim Correia e a Rua dos Andrades, por volta das 22 horas desta sexta-feira (13). De acordo com testemunhas, a viatura militar subia a rua dos Andrades com destino [&hellip;]<\/p>\n","protected":false},"author":1,"featured_media":421,"comment_status":"closed","ping_status":"closed","sticky":false,"template":"","format":"standard","meta":{"footnotes":""},"categories":[10,39],"tags":[],"yoast_head":"<!-- This site is optimized with the Yoast SEO plugin v21.1 - https:\/\/yoast.com\/wordpress\/plugins\/seo\/ -->\n<title>Batida envolvendo viatura da PM deixa quatro pessoas feridas em V. da Conquista. - Portal Caetanos<\/title>\n<meta name=\"robots\" content=\"index, follow, max-snippet:-1, max-image-preview:large, max-video-preview:-1\" \/>\n<link rel=\"canonical\" href=\"https:\/\/portalcaetanos.com.br\/portal\/batida-envolvendo-viatura-da-pm-deixa-quatro-pessoas-feridas\/\" \/>\n<meta property=\"og:locale\" content=\"pt_BR\" \/>\n<meta property=\"og:type\" content=\"article\" \/>\n<meta property=\"og:title\" content=\"Batida envolvendo viatura da PM deixa quatro pessoas feridas em V. da Conquista. - Portal Caetanos\" \/>\n<meta property=\"og:description\" content=\"colis\u00e3o entre uma viatura da Pol\u00edcia Militar, lotada na Base Comunit\u00e1ria do Nova Cidade, e um Corsa, deixou quatro pessoas feridas no cruzamento entre a Pra\u00e7a Joaquim Correia e a Rua dos Andrades, por volta das 22 horas desta sexta-feira (13). De acordo com testemunhas, a viatura militar subia a rua dos Andrades com destino [&hellip;]\" \/>\n<meta property=\"og:url\" content=\"https:\/\/portalcaetanos.com.br\/portal\/batida-envolvendo-viatura-da-pm-deixa-quatro-pessoas-feridas\/\" \/>\n<meta property=\"og:site_name\" content=\"Portal Caetanos\" \/>\n<meta property=\"article:published_time\" content=\"2013-12-14T17:29:09+00:00\" \/>\n<meta property=\"article:modified_time\" content=\"2013-12-14T17:30:52+00:00\" \/>\n<meta property=\"og:image\" content=\"https:\/\/portalcaetanos.com.br\/portal\/wp-content\/uploads\/2013\/12\/VIATURA.jpg\" \/>\n\t<meta property=\"og:image:width\" content=\"400\" \/>\n\t<meta property=\"og:image:height\" content=\"265\" \/>\n\t<meta property=\"og:image:type\" content=\"image\/jpeg\" \/>\n<meta name=\"author\" content=\"Portal Caetanos\" \/>\n<meta name=\"twitter:card\" content=\"summary_large_image\" \/>\n<meta name=\"twitter:label1\" content=\"Escrito por\" \/>\n\t<meta name=\"twitter:data1\" content=\"Portal Caetanos\" \/>\n\t<meta name=\"twitter:label2\" content=\"Est. tempo de leitura\" \/>\n\t<meta name=\"twitter:data2\" content=\"1 minuto\" \/>\n<script type=\"application\/ld+json\" class=\"yoast-schema-graph\">{\"@context\":\"https:\/\/schema.org\",\"@graph\":[{\"@type\":\"Article\",\"@id\":\"https:\/\/portalcaetanos.com.br\/portal\/batida-envolvendo-viatura-da-pm-deixa-quatro-pessoas-feridas\/#article\",\"isPartOf\":{\"@id\":\"https:\/\/portalcaetanos.com.br\/portal\/batida-envolvendo-viatura-da-pm-deixa-quatro-pessoas-feridas\/\"},\"author\":{\"name\":\"Portal Caetanos\",\"@id\":\"https:\/\/portalcaetanos.com.br\/portal\/#\/schema\/person\/88d53c563139e7564971f4bdd105d296\"},\"headline\":\"Batida envolvendo viatura da PM deixa quatro pessoas feridas em V. da Conquista.\",\"datePublished\":\"2013-12-14T17:29:09+00:00\",\"dateModified\":\"2013-12-14T17:30:52+00:00\",\"mainEntityOfPage\":{\"@id\":\"https:\/\/portalcaetanos.com.br\/portal\/batida-envolvendo-viatura-da-pm-deixa-quatro-pessoas-feridas\/\"},\"wordCount\":185,\"publisher\":{\"@id\":\"https:\/\/portalcaetanos.com.br\/portal\/#organization\"},\"articleSection\":[\"DESTAQUES\",\"VIT\u00d3RIA DA CONQUISTA\"],\"inLanguage\":\"pt-BR\"},{\"@type\":\"WebPage\",\"@id\":\"https:\/\/portalcaetanos.com.br\/portal\/batida-envolvendo-viatura-da-pm-deixa-quatro-pessoas-feridas\/\",\"url\":\"https:\/\/portalcaetanos.com.br\/portal\/batida-envolvendo-viatura-da-pm-deixa-quatro-pessoas-feridas\/\",\"name\":\"Batida envolvendo viatura da PM deixa quatro pessoas feridas em V. da Conquista. - Portal Caetanos\",\"isPartOf\":{\"@id\":\"https:\/\/portalcaetanos.com.br\/portal\/#website\"},\"datePublished\":\"2013-12-14T17:29:09+00:00\",\"dateModified\":\"2013-12-14T17:30:52+00:00\",\"breadcrumb\":{\"@id\":\"https:\/\/portalcaetanos.com.br\/portal\/batida-envolvendo-viatura-da-pm-deixa-quatro-pessoas-feridas\/#breadcrumb\"},\"inLanguage\":\"pt-BR\",\"potentialAction\":[{\"@type\":\"ReadAction\",\"target\":[\"https:\/\/portalcaetanos.com.br\/portal\/batida-envolvendo-viatura-da-pm-deixa-quatro-pessoas-feridas\/\"]}]},{\"@type\":\"BreadcrumbList\",\"@id\":\"https:\/\/portalcaetanos.com.br\/portal\/batida-envolvendo-viatura-da-pm-deixa-quatro-pessoas-feridas\/#breadcrumb\",\"itemListElement\":[{\"@type\":\"ListItem\",\"position\":1,\"name\":\"In\u00edcio\",\"item\":\"https:\/\/portalcaetanos.com.br\/portal\/\"},{\"@type\":\"ListItem\",\"position\":2,\"name\":\"Batida envolvendo viatura da PM deixa quatro pessoas feridas em V. da Conquista.\"}]},{\"@type\":\"WebSite\",\"@id\":\"https:\/\/portalcaetanos.com.br\/portal\/#website\",\"url\":\"https:\/\/portalcaetanos.com.br\/portal\/\",\"name\":\"Portal Caetanos\",\"description\":\"A Revista Eletr\u00f4nica da Cidade!\",\"publisher\":{\"@id\":\"https:\/\/portalcaetanos.com.br\/portal\/#organization\"},\"potentialAction\":[{\"@type\":\"SearchAction\",\"target\":{\"@type\":\"EntryPoint\",\"urlTemplate\":\"https:\/\/portalcaetanos.com.br\/portal\/?s={search_term_string}\"},\"query-input\":\"required name=search_term_string\"}],\"inLanguage\":\"pt-BR\"},{\"@type\":\"Organization\",\"@id\":\"https:\/\/portalcaetanos.com.br\/portal\/#organization\",\"name\":\"Portal Caetanos\",\"url\":\"https:\/\/portalcaetanos.com.br\/portal\/\",\"logo\":{\"@type\":\"ImageObject\",\"inLanguage\":\"pt-BR\",\"@id\":\"https:\/\/portalcaetanos.com.br\/portal\/#\/schema\/logo\/image\/\",\"url\":\"https:\/\/portalcaetanos.com.br\/portal\/wp-content\/uploads\/2018\/04\/logo_tes1.png\",\"contentUrl\":\"https:\/\/portalcaetanos.com.br\/portal\/wp-content\/uploads\/2018\/04\/logo_tes1.png\",\"width\":423,\"height\":88,\"caption\":\"Portal Caetanos\"},\"image\":{\"@id\":\"https:\/\/portalcaetanos.com.br\/portal\/#\/schema\/logo\/image\/\"}},{\"@type\":\"Person\",\"@id\":\"https:\/\/portalcaetanos.com.br\/portal\/#\/schema\/person\/88d53c563139e7564971f4bdd105d296\",\"name\":\"Portal Caetanos\",\"image\":{\"@type\":\"ImageObject\",\"inLanguage\":\"pt-BR\",\"@id\":\"https:\/\/portalcaetanos.com.br\/portal\/#\/schema\/person\/image\/\",\"url\":\"https:\/\/secure.gravatar.com\/avatar\/964aa13353eaeb8201a538a7a410b4a1?s=96&d=mm&r=g\",\"contentUrl\":\"https:\/\/secure.gravatar.com\/avatar\/964aa13353eaeb8201a538a7a410b4a1?s=96&d=mm&r=g\",\"caption\":\"Portal Caetanos\"},\"url\":\"https:\/\/portalcaetanos.com.br\/portal\/author\/portal-caetanos\/\"}]}<\/script>\n<!-- \/ Yoast SEO plugin. -->","yoast_head_json":{"title":"Batida envolvendo viatura da PM deixa quatro pessoas feridas em V. da Conquista. - Portal Caetanos","robots":{"index":"index","follow":"follow","max-snippet":"max-snippet:-1","max-image-preview":"max-image-preview:large","max-video-preview":"max-video-preview:-1"},"canonical":"https:\/\/portalcaetanos.com.br\/portal\/batida-envolvendo-viatura-da-pm-deixa-quatro-pessoas-feridas\/","og_locale":"pt_BR","og_type":"article","og_title":"Batida envolvendo viatura da PM deixa quatro pessoas feridas em V. da Conquista. - Portal Caetanos","og_description":"colis\u00e3o entre uma viatura da Pol\u00edcia Militar, lotada na Base Comunit\u00e1ria do Nova Cidade, e um Corsa, deixou quatro pessoas feridas no cruzamento entre a Pra\u00e7a Joaquim Correia e a Rua dos Andrades, por volta das 22 horas desta sexta-feira (13). De acordo com testemunhas, a viatura militar subia a rua dos Andrades com destino [&hellip;]","og_url":"https:\/\/portalcaetanos.com.br\/portal\/batida-envolvendo-viatura-da-pm-deixa-quatro-pessoas-feridas\/","og_site_name":"Portal Caetanos","article_published_time":"2013-12-14T17:29:09+00:00","article_modified_time":"2013-12-14T17:30:52+00:00","og_image":[{"width":400,"height":265,"url":"https:\/\/portalcaetanos.com.br\/portal\/wp-content\/uploads\/2013\/12\/VIATURA.jpg","type":"image\/jpeg"}],"author":"Portal Caetanos","twitter_card":"summary_large_image","twitter_misc":{"Escrito por":"Portal Caetanos","Est. tempo de leitura":"1 minuto"},"schema":{"@context":"https:\/\/schema.org","@graph":[{"@type":"Article","@id":"https:\/\/portalcaetanos.com.br\/portal\/batida-envolvendo-viatura-da-pm-deixa-quatro-pessoas-feridas\/#article","isPartOf":{"@id":"https:\/\/portalcaetanos.com.br\/portal\/batida-envolvendo-viatura-da-pm-deixa-quatro-pessoas-feridas\/"},"author":{"name":"Portal Caetanos","@id":"https:\/\/portalcaetanos.com.br\/portal\/#\/schema\/person\/88d53c563139e7564971f4bdd105d296"},"headline":"Batida envolvendo viatura da PM deixa quatro pessoas feridas em V. da Conquista.","datePublished":"2013-12-14T17:29:09+00:00","dateModified":"2013-12-14T17:30:52+00:00","mainEntityOfPage":{"@id":"https:\/\/portalcaetanos.com.br\/portal\/batida-envolvendo-viatura-da-pm-deixa-quatro-pessoas-feridas\/"},"wordCount":185,"publisher":{"@id":"https:\/\/portalcaetanos.com.br\/portal\/#organization"},"articleSection":["DESTAQUES","VIT\u00d3RIA DA CONQUISTA"],"inLanguage":"pt-BR"},{"@type":"WebPage","@id":"https:\/\/portalcaetanos.com.br\/portal\/batida-envolvendo-viatura-da-pm-deixa-quatro-pessoas-feridas\/","url":"https:\/\/portalcaetanos.com.br\/portal\/batida-envolvendo-viatura-da-pm-deixa-quatro-pessoas-feridas\/","name":"Batida envolvendo viatura da PM deixa quatro pessoas feridas em V. da Conquista. - Portal Caetanos","isPartOf":{"@id":"https:\/\/portalcaetanos.com.br\/portal\/#website"},"datePublished":"2013-12-14T17:29:09+00:00","dateModified":"2013-12-14T17:30:52+00:00","breadcrumb":{"@id":"https:\/\/portalcaetanos.com.br\/portal\/batida-envolvendo-viatura-da-pm-deixa-quatro-pessoas-feridas\/#breadcrumb"},"inLanguage":"pt-BR","potentialAction":[{"@type":"ReadAction","target":["https:\/\/portalcaetanos.com.br\/portal\/batida-envolvendo-viatura-da-pm-deixa-quatro-pessoas-feridas\/"]}]},{"@type":"BreadcrumbList","@id":"https:\/\/portalcaetanos.com.br\/portal\/batida-envolvendo-viatura-da-pm-deixa-quatro-pessoas-feridas\/#breadcrumb","itemListElement":[{"@type":"ListItem","position":1,"name":"In\u00edcio","item":"https:\/\/portalcaetanos.com.br\/portal\/"},{"@type":"ListItem","position":2,"name":"Batida envolvendo viatura da PM deixa quatro pessoas feridas em V. da Conquista."}]},{"@type":"WebSite","@id":"https:\/\/portalcaetanos.com.br\/portal\/#website","url":"https:\/\/portalcaetanos.com.br\/portal\/","name":"Portal Caetanos","description":"A Revista Eletr\u00f4nica da Cidade!","publisher":{"@id":"https:\/\/portalcaetanos.com.br\/portal\/#organization"},"potentialAction":[{"@type":"SearchAction","target":{"@type":"EntryPoint","urlTemplate":"https:\/\/portalcaetanos.com.br\/portal\/?s={search_term_string}"},"query-input":"required name=search_term_string"}],"inLanguage":"pt-BR"},{"@type":"Organization","@id":"https:\/\/portalcaetanos.com.br\/portal\/#organization","name":"Portal Caetanos","url":"https:\/\/portalcaetanos.com.br\/portal\/","logo":{"@type":"ImageObject","inLanguage":"pt-BR","@id":"https:\/\/portalcaetanos.com.br\/portal\/#\/schema\/logo\/image\/","url":"https:\/\/portalcaetanos.com.br\/portal\/wp-content\/uploads\/2018\/04\/logo_tes1.png","contentUrl":"https:\/\/portalcaetanos.com.br\/portal\/wp-content\/uploads\/2018\/04\/logo_tes1.png","width":423,"height":88,"caption":"Portal Caetanos"},"image":{"@id":"https:\/\/portalcaetanos.com.br\/portal\/#\/schema\/logo\/image\/"}},{"@type":"Person","@id":"https:\/\/portalcaetanos.com.br\/portal\/#\/schema\/person\/88d53c563139e7564971f4bdd105d296","name":"Portal Caetanos","image":{"@type":"ImageObject","inLanguage":"pt-BR","@id":"https:\/\/portalcaetanos.com.br\/portal\/#\/schema\/person\/image\/","url":"https:\/\/secure.gravatar.com\/avatar\/964aa13353eaeb8201a538a7a410b4a1?s=96&d=mm&r=g","contentUrl":"https:\/\/secure.gravatar.com\/avatar\/964aa13353eaeb8201a538a7a410b4a1?s=96&d=mm&r=g","caption":"Portal Caetanos"},"url":"https:\/\/portalcaetanos.com.br\/portal\/author\/portal-caetanos\/"}]}},"_links":{"self":[{"href":"https:\/\/portalcaetanos.com.br\/portal\/wp-json\/wp\/v2\/posts\/420"}],"collection":[{"href":"https:\/\/portalcaetanos.com.br\/portal\/wp-json\/wp\/v2\/posts"}],"about":[{"href":"https:\/\/portalcaetanos.com.br\/portal\/wp-json\/wp\/v2\/types\/post"}],"author":[{"embeddable":true,"href":"https:\/\/portalcaetanos.com.br\/portal\/wp-json\/wp\/v2\/users\/1"}],"replies":[{"embeddable":true,"href":"https:\/\/portalcaetanos.com.br\/portal\/wp-json\/wp\/v2\/comments?post=420"}],"version-history":[{"count":2,"href":"https:\/\/portalcaetanos.com.br\/portal\/wp-json\/wp\/v2\/posts\/420\/revisions"}],"predecessor-version":[{"id":424,"href":"https:\/\/portalcaetanos.com.br\/portal\/wp-json\/wp\/v2\/posts\/420\/revisions\/424"}],"wp:featuredmedia":[{"embeddable":true,"href":"https:\/\/portalcaetanos.com.br\/portal\/wp-json\/wp\/v2\/media\/421"}],"wp:attachment":[{"href":"https:\/\/portalcaetanos.com.br\/portal\/wp-json\/wp\/v2\/media?parent=420"}],"wp:term":[{"taxonomy":"category","embeddable":true,"href":"https:\/\/portalcaetanos.com.br\/portal\/wp-json\/wp\/v2\/categories?post=420"},{"taxonomy":"post_tag","embeddable":true,"href":"https:\/\/portalcaetanos.com.br\/portal\/wp-json\/wp\/v2\/tags?post=420"}],"curies":[{"name":"wp","href":"https:\/\/api.w.org\/{rel}","templated":true}]}}