{"id":321,"date":"2013-12-09T23:50:14","date_gmt":"2013-12-10T02:50:14","guid":{"rendered":"http:\/\/portalcaetanos.com.br\/portal\/?p=321"},"modified":"2013-12-10T14:22:00","modified_gmt":"2013-12-10T17:22:00","slug":"tragedia-no-final-da-tarde-de-domingo-em-caetanos","status":"publish","type":"post","link":"https:\/\/portalcaetanos.com.br\/portal\/tragedia-no-final-da-tarde-de-domingo-em-caetanos\/","title":{"rendered":"Trag\u00e9dia marca final da tarde de domingo em Caetanos"},"content":{"rendered":"<p><a href=\"http:\/\/portalcaetanos.com.br\/portal\/wp-content\/uploads\/2013\/12\/IMG_1825.jpg\"><img decoding=\"async\" loading=\"lazy\" class=\"size-medium wp-image-322 alignleft\" alt=\"Portal Caetanos\" src=\"http:\/\/portalcaetanos.com.br\/portal\/wp-content\/uploads\/2013\/12\/IMG_1825-300x225.jpg\" width=\"300\" height=\"225\" srcset=\"https:\/\/portalcaetanos.com.br\/portal\/wp-content\/uploads\/2013\/12\/IMG_1825-300x225.jpg 300w, https:\/\/portalcaetanos.com.br\/portal\/wp-content\/uploads\/2013\/12\/IMG_1825.jpg 400w\" sizes=\"(max-width: 300px) 100vw, 300px\" \/><\/a><\/p>\n<p>Neste \u00faltimo domingo (08\/12\/2013) ,por volta das 17h um caminh\u00e3o Mercedes\u00a01418, respons\u00e1vel por fazer a coleta do \u00a0lixo\u00a0na cidade de Caetanos-BA se envolveu em um acidente que acabou deixando uma pessoa morta na referida cidade. A v\u00edtima foi identificada como Carlos Moreira Chaves, 30 anos de idade. A Pol\u00edcia Militar da cidade foi acionada e esteve no local para as provid\u00eancias cab\u00edveis, o corpo foi removido e encaminhado para o IML (Instituto M\u00e9dico Legal) em Vit\u00f3ria da Conquista.<\/p>\n<p>Fonte: Blog Terra I.<\/p>\n","protected":false},"excerpt":{"rendered":"<p>Neste \u00faltimo domingo (08\/12\/2013) ,por volta das 17h um caminh\u00e3o Mercedes\u00a01418, respons\u00e1vel por fazer a coleta do \u00a0lixo\u00a0na cidade de Caetanos-BA se envolveu em um acidente que acabou deixando uma pessoa morta na referida cidade. A v\u00edtima foi identificada como Carlos Moreira Chaves, 30 anos de idade. A Pol\u00edcia Militar da cidade foi acionada e [&hellip;]<\/p>\n","protected":false},"author":1,"featured_media":322,"comment_status":"closed","ping_status":"closed","sticky":false,"template":"","format":"standard","meta":{"footnotes":""},"categories":[1,10],"tags":[],"yoast_head":"<!-- This site is optimized with the Yoast SEO plugin v21.1 - https:\/\/yoast.com\/wordpress\/plugins\/seo\/ -->\n<title>Trag\u00e9dia marca final da tarde de domingo em Caetanos - Portal Caetanos<\/title>\n<meta name=\"robots\" content=\"index, follow, max-snippet:-1, max-image-preview:large, max-video-preview:-1\" \/>\n<link rel=\"canonical\" href=\"https:\/\/portalcaetanos.com.br\/portal\/tragedia-no-final-da-tarde-de-domingo-em-caetanos\/\" \/>\n<meta property=\"og:locale\" content=\"pt_BR\" \/>\n<meta property=\"og:type\" content=\"article\" \/>\n<meta property=\"og:title\" content=\"Trag\u00e9dia marca final da tarde de domingo em Caetanos - Portal Caetanos\" \/>\n<meta property=\"og:description\" content=\"Neste \u00faltimo domingo (08\/12\/2013) ,por volta das 17h um caminh\u00e3o Mercedes\u00a01418, respons\u00e1vel por fazer a coleta do \u00a0lixo\u00a0na cidade de Caetanos-BA se envolveu em um acidente que acabou deixando uma pessoa morta na referida cidade. A v\u00edtima foi identificada como Carlos Moreira Chaves, 30 anos de idade. A Pol\u00edcia Militar da cidade foi acionada e [&hellip;]\" \/>\n<meta property=\"og:url\" content=\"https:\/\/portalcaetanos.com.br\/portal\/tragedia-no-final-da-tarde-de-domingo-em-caetanos\/\" \/>\n<meta property=\"og:site_name\" content=\"Portal Caetanos\" \/>\n<meta property=\"article:published_time\" content=\"2013-12-10T02:50:14+00:00\" \/>\n<meta property=\"article:modified_time\" content=\"2013-12-10T17:22:00+00:00\" \/>\n<meta property=\"og:image\" content=\"https:\/\/portalcaetanos.com.br\/portal\/wp-content\/uploads\/2013\/12\/IMG_1825.jpg\" \/>\n\t<meta property=\"og:image:width\" content=\"400\" \/>\n\t<meta property=\"og:image:height\" content=\"300\" \/>\n\t<meta property=\"og:image:type\" content=\"image\/jpeg\" \/>\n<meta name=\"author\" content=\"Portal Caetanos\" \/>\n<meta name=\"twitter:card\" content=\"summary_large_image\" \/>\n<meta name=\"twitter:label1\" content=\"Escrito por\" \/>\n\t<meta name=\"twitter:data1\" content=\"Portal Caetanos\" \/>\n<script type=\"application\/ld+json\" class=\"yoast-schema-graph\">{\"@context\":\"https:\/\/schema.org\",\"@graph\":[{\"@type\":\"Article\",\"@id\":\"https:\/\/portalcaetanos.com.br\/portal\/tragedia-no-final-da-tarde-de-domingo-em-caetanos\/#article\",\"isPartOf\":{\"@id\":\"https:\/\/portalcaetanos.com.br\/portal\/tragedia-no-final-da-tarde-de-domingo-em-caetanos\/\"},\"author\":{\"name\":\"Portal Caetanos\",\"@id\":\"https:\/\/portalcaetanos.com.br\/portal\/#\/schema\/person\/88d53c563139e7564971f4bdd105d296\"},\"headline\":\"Trag\u00e9dia marca final da tarde de domingo em Caetanos\",\"datePublished\":\"2013-12-10T02:50:14+00:00\",\"dateModified\":\"2013-12-10T17:22:00+00:00\",\"mainEntityOfPage\":{\"@id\":\"https:\/\/portalcaetanos.com.br\/portal\/tragedia-no-final-da-tarde-de-domingo-em-caetanos\/\"},\"wordCount\":99,\"publisher\":{\"@id\":\"https:\/\/portalcaetanos.com.br\/portal\/#organization\"},\"articleSection\":[\"CAETANOS\",\"DESTAQUES\"],\"inLanguage\":\"pt-BR\"},{\"@type\":\"WebPage\",\"@id\":\"https:\/\/portalcaetanos.com.br\/portal\/tragedia-no-final-da-tarde-de-domingo-em-caetanos\/\",\"url\":\"https:\/\/portalcaetanos.com.br\/portal\/tragedia-no-final-da-tarde-de-domingo-em-caetanos\/\",\"name\":\"Trag\u00e9dia marca final da tarde de domingo em Caetanos - Portal Caetanos\",\"isPartOf\":{\"@id\":\"https:\/\/portalcaetanos.com.br\/portal\/#website\"},\"datePublished\":\"2013-12-10T02:50:14+00:00\",\"dateModified\":\"2013-12-10T17:22:00+00:00\",\"breadcrumb\":{\"@id\":\"https:\/\/portalcaetanos.com.br\/portal\/tragedia-no-final-da-tarde-de-domingo-em-caetanos\/#breadcrumb\"},\"inLanguage\":\"pt-BR\",\"potentialAction\":[{\"@type\":\"ReadAction\",\"target\":[\"https:\/\/portalcaetanos.com.br\/portal\/tragedia-no-final-da-tarde-de-domingo-em-caetanos\/\"]}]},{\"@type\":\"BreadcrumbList\",\"@id\":\"https:\/\/portalcaetanos.com.br\/portal\/tragedia-no-final-da-tarde-de-domingo-em-caetanos\/#breadcrumb\",\"itemListElement\":[{\"@type\":\"ListItem\",\"position\":1,\"name\":\"In\u00edcio\",\"item\":\"https:\/\/portalcaetanos.com.br\/portal\/\"},{\"@type\":\"ListItem\",\"position\":2,\"name\":\"Trag\u00e9dia marca final da tarde de domingo em Caetanos\"}]},{\"@type\":\"WebSite\",\"@id\":\"https:\/\/portalcaetanos.com.br\/portal\/#website\",\"url\":\"https:\/\/portalcaetanos.com.br\/portal\/\",\"name\":\"Portal Caetanos\",\"description\":\"A Revista Eletr\u00f4nica da Cidade!\",\"publisher\":{\"@id\":\"https:\/\/portalcaetanos.com.br\/portal\/#organization\"},\"potentialAction\":[{\"@type\":\"SearchAction\",\"target\":{\"@type\":\"EntryPoint\",\"urlTemplate\":\"https:\/\/portalcaetanos.com.br\/portal\/?s={search_term_string}\"},\"query-input\":\"required name=search_term_string\"}],\"inLanguage\":\"pt-BR\"},{\"@type\":\"Organization\",\"@id\":\"https:\/\/portalcaetanos.com.br\/portal\/#organization\",\"name\":\"Portal Caetanos\",\"url\":\"https:\/\/portalcaetanos.com.br\/portal\/\",\"logo\":{\"@type\":\"ImageObject\",\"inLanguage\":\"pt-BR\",\"@id\":\"https:\/\/portalcaetanos.com.br\/portal\/#\/schema\/logo\/image\/\",\"url\":\"https:\/\/portalcaetanos.com.br\/portal\/wp-content\/uploads\/2018\/04\/logo_tes1.png\",\"contentUrl\":\"https:\/\/portalcaetanos.com.br\/portal\/wp-content\/uploads\/2018\/04\/logo_tes1.png\",\"width\":423,\"height\":88,\"caption\":\"Portal Caetanos\"},\"image\":{\"@id\":\"https:\/\/portalcaetanos.com.br\/portal\/#\/schema\/logo\/image\/\"}},{\"@type\":\"Person\",\"@id\":\"https:\/\/portalcaetanos.com.br\/portal\/#\/schema\/person\/88d53c563139e7564971f4bdd105d296\",\"name\":\"Portal Caetanos\",\"image\":{\"@type\":\"ImageObject\",\"inLanguage\":\"pt-BR\",\"@id\":\"https:\/\/portalcaetanos.com.br\/portal\/#\/schema\/person\/image\/\",\"url\":\"https:\/\/secure.gravatar.com\/avatar\/964aa13353eaeb8201a538a7a410b4a1?s=96&d=mm&r=g\",\"contentUrl\":\"https:\/\/secure.gravatar.com\/avatar\/964aa13353eaeb8201a538a7a410b4a1?s=96&d=mm&r=g\",\"caption\":\"Portal Caetanos\"},\"url\":\"https:\/\/portalcaetanos.com.br\/portal\/author\/portal-caetanos\/\"}]}<\/script>\n<!-- \/ Yoast SEO plugin. -->","yoast_head_json":{"title":"Trag\u00e9dia marca final da tarde de domingo em Caetanos - Portal Caetanos","robots":{"index":"index","follow":"follow","max-snippet":"max-snippet:-1","max-image-preview":"max-image-preview:large","max-video-preview":"max-video-preview:-1"},"canonical":"https:\/\/portalcaetanos.com.br\/portal\/tragedia-no-final-da-tarde-de-domingo-em-caetanos\/","og_locale":"pt_BR","og_type":"article","og_title":"Trag\u00e9dia marca final da tarde de domingo em Caetanos - Portal Caetanos","og_description":"Neste \u00faltimo domingo (08\/12\/2013) ,por volta das 17h um caminh\u00e3o Mercedes\u00a01418, respons\u00e1vel por fazer a coleta do \u00a0lixo\u00a0na cidade de Caetanos-BA se envolveu em um acidente que acabou deixando uma pessoa morta na referida cidade. A v\u00edtima foi identificada como Carlos Moreira Chaves, 30 anos de idade. A Pol\u00edcia Militar da cidade foi acionada e [&hellip;]","og_url":"https:\/\/portalcaetanos.com.br\/portal\/tragedia-no-final-da-tarde-de-domingo-em-caetanos\/","og_site_name":"Portal Caetanos","article_published_time":"2013-12-10T02:50:14+00:00","article_modified_time":"2013-12-10T17:22:00+00:00","og_image":[{"width":400,"height":300,"url":"https:\/\/portalcaetanos.com.br\/portal\/wp-content\/uploads\/2013\/12\/IMG_1825.jpg","type":"image\/jpeg"}],"author":"Portal Caetanos","twitter_card":"summary_large_image","twitter_misc":{"Escrito por":"Portal Caetanos"},"schema":{"@context":"https:\/\/schema.org","@graph":[{"@type":"Article","@id":"https:\/\/portalcaetanos.com.br\/portal\/tragedia-no-final-da-tarde-de-domingo-em-caetanos\/#article","isPartOf":{"@id":"https:\/\/portalcaetanos.com.br\/portal\/tragedia-no-final-da-tarde-de-domingo-em-caetanos\/"},"author":{"name":"Portal Caetanos","@id":"https:\/\/portalcaetanos.com.br\/portal\/#\/schema\/person\/88d53c563139e7564971f4bdd105d296"},"headline":"Trag\u00e9dia marca final da tarde de domingo em Caetanos","datePublished":"2013-12-10T02:50:14+00:00","dateModified":"2013-12-10T17:22:00+00:00","mainEntityOfPage":{"@id":"https:\/\/portalcaetanos.com.br\/portal\/tragedia-no-final-da-tarde-de-domingo-em-caetanos\/"},"wordCount":99,"publisher":{"@id":"https:\/\/portalcaetanos.com.br\/portal\/#organization"},"articleSection":["CAETANOS","DESTAQUES"],"inLanguage":"pt-BR"},{"@type":"WebPage","@id":"https:\/\/portalcaetanos.com.br\/portal\/tragedia-no-final-da-tarde-de-domingo-em-caetanos\/","url":"https:\/\/portalcaetanos.com.br\/portal\/tragedia-no-final-da-tarde-de-domingo-em-caetanos\/","name":"Trag\u00e9dia marca final da tarde de domingo em Caetanos - Portal Caetanos","isPartOf":{"@id":"https:\/\/portalcaetanos.com.br\/portal\/#website"},"datePublished":"2013-12-10T02:50:14+00:00","dateModified":"2013-12-10T17:22:00+00:00","breadcrumb":{"@id":"https:\/\/portalcaetanos.com.br\/portal\/tragedia-no-final-da-tarde-de-domingo-em-caetanos\/#breadcrumb"},"inLanguage":"pt-BR","potentialAction":[{"@type":"ReadAction","target":["https:\/\/portalcaetanos.com.br\/portal\/tragedia-no-final-da-tarde-de-domingo-em-caetanos\/"]}]},{"@type":"BreadcrumbList","@id":"https:\/\/portalcaetanos.com.br\/portal\/tragedia-no-final-da-tarde-de-domingo-em-caetanos\/#breadcrumb","itemListElement":[{"@type":"ListItem","position":1,"name":"In\u00edcio","item":"https:\/\/portalcaetanos.com.br\/portal\/"},{"@type":"ListItem","position":2,"name":"Trag\u00e9dia marca final da tarde de domingo em Caetanos"}]},{"@type":"WebSite","@id":"https:\/\/portalcaetanos.com.br\/portal\/#website","url":"https:\/\/portalcaetanos.com.br\/portal\/","name":"Portal Caetanos","description":"A Revista Eletr\u00f4nica da Cidade!","publisher":{"@id":"https:\/\/portalcaetanos.com.br\/portal\/#organization"},"potentialAction":[{"@type":"SearchAction","target":{"@type":"EntryPoint","urlTemplate":"https:\/\/portalcaetanos.com.br\/portal\/?s={search_term_string}"},"query-input":"required name=search_term_string"}],"inLanguage":"pt-BR"},{"@type":"Organization","@id":"https:\/\/portalcaetanos.com.br\/portal\/#organization","name":"Portal Caetanos","url":"https:\/\/portalcaetanos.com.br\/portal\/","logo":{"@type":"ImageObject","inLanguage":"pt-BR","@id":"https:\/\/portalcaetanos.com.br\/portal\/#\/schema\/logo\/image\/","url":"https:\/\/portalcaetanos.com.br\/portal\/wp-content\/uploads\/2018\/04\/logo_tes1.png","contentUrl":"https:\/\/portalcaetanos.com.br\/portal\/wp-content\/uploads\/2018\/04\/logo_tes1.png","width":423,"height":88,"caption":"Portal Caetanos"},"image":{"@id":"https:\/\/portalcaetanos.com.br\/portal\/#\/schema\/logo\/image\/"}},{"@type":"Person","@id":"https:\/\/portalcaetanos.com.br\/portal\/#\/schema\/person\/88d53c563139e7564971f4bdd105d296","name":"Portal Caetanos","image":{"@type":"ImageObject","inLanguage":"pt-BR","@id":"https:\/\/portalcaetanos.com.br\/portal\/#\/schema\/person\/image\/","url":"https:\/\/secure.gravatar.com\/avatar\/964aa13353eaeb8201a538a7a410b4a1?s=96&d=mm&r=g","contentUrl":"https:\/\/secure.gravatar.com\/avatar\/964aa13353eaeb8201a538a7a410b4a1?s=96&d=mm&r=g","caption":"Portal Caetanos"},"url":"https:\/\/portalcaetanos.com.br\/portal\/author\/portal-caetanos\/"}]}},"_links":{"self":[{"href":"https:\/\/portalcaetanos.com.br\/portal\/wp-json\/wp\/v2\/posts\/321"}],"collection":[{"href":"https:\/\/portalcaetanos.com.br\/portal\/wp-json\/wp\/v2\/posts"}],"about":[{"href":"https:\/\/portalcaetanos.com.br\/portal\/wp-json\/wp\/v2\/types\/post"}],"author":[{"embeddable":true,"href":"https:\/\/portalcaetanos.com.br\/portal\/wp-json\/wp\/v2\/users\/1"}],"replies":[{"embeddable":true,"href":"https:\/\/portalcaetanos.com.br\/portal\/wp-json\/wp\/v2\/comments?post=321"}],"version-history":[{"count":5,"href":"https:\/\/portalcaetanos.com.br\/portal\/wp-json\/wp\/v2\/posts\/321\/revisions"}],"predecessor-version":[{"id":327,"href":"https:\/\/portalcaetanos.com.br\/portal\/wp-json\/wp\/v2\/posts\/321\/revisions\/327"}],"wp:featuredmedia":[{"embeddable":true,"href":"https:\/\/portalcaetanos.com.br\/portal\/wp-json\/wp\/v2\/media\/322"}],"wp:attachment":[{"href":"https:\/\/portalcaetanos.com.br\/portal\/wp-json\/wp\/v2\/media?parent=321"}],"wp:term":[{"taxonomy":"category","embeddable":true,"href":"https:\/\/portalcaetanos.com.br\/portal\/wp-json\/wp\/v2\/categories?post=321"},{"taxonomy":"post_tag","embeddable":true,"href":"https:\/\/portalcaetanos.com.br\/portal\/wp-json\/wp\/v2\/tags?post=321"}],"curies":[{"name":"wp","href":"https:\/\/api.w.org\/{rel}","templated":true}]}}