{"id":2241,"date":"2017-03-29T18:20:05","date_gmt":"2017-03-29T21:20:05","guid":{"rendered":"http:\/\/portalcaetanos.com.br\/portal\/?p=2241"},"modified":"2017-03-29T18:20:05","modified_gmt":"2017-03-29T21:20:05","slug":"prefeito-lucio-meira-se-reune-com-a-embasa-e-discute-saidas-para-a-crise-hidrica-no-municipio-de-mirante","status":"publish","type":"post","link":"https:\/\/portalcaetanos.com.br\/portal\/prefeito-lucio-meira-se-reune-com-a-embasa-e-discute-saidas-para-a-crise-hidrica-no-municipio-de-mirante\/","title":{"rendered":"Prefeito L\u00facio Meira se re\u00fane com a Embasa e discute sa\u00eddas para a crise h\u00eddrica no munic\u00edpio de Mirante"},"content":{"rendered":"<p>Sens\u00edvel \u00e1 situa\u00e7\u00e3o pela a qual passamos, quanto ao abastecimento de \u00e1gua gerida pela EMBASA (Empresa Baiana de \u00c1guas e Saneamento) no munic\u00edpio de Mirante, o prefeito L\u00facio Meira agendou reuni\u00e3o com a ger\u00eancia regional daquela empresa, fato que ocorreu ontem (ter\u00e7a-feira, 28). A gerente Kelly Galv\u00e3o, acompanhada pelo engenheiro \u00c1lvaro e mais assistente estiveram presentes neste dia para tratar de assuntos pertinentes e prestar esclarecimentos sobre o sistema de rod\u00edzio e outros relacionados ao momento que atravessamos. \u00c9 de conhecimento geral que vivemos um per\u00edodo de estiagem que vem impossibilitando um abastecimento regular e com isso os transtornos s\u00e3o muitos. A falta d\u00b4\u00e1gua em nossas torneiras, dia sim, dia n\u00e3o transforma nossa vida di\u00e1ria, ocasionando stress e problemas nas organiza\u00e7\u00f5es de nossos lares.<\/p>\n<figure id=\"attachment_2242\" aria-describedby=\"caption-attachment-2242\" style=\"width: 585px\" class=\"wp-caption aligncenter\"><img decoding=\"async\" loading=\"lazy\" class=\" wp-image-2242\" src=\"http:\/\/portalcaetanos.com.br\/portal\/wp-content\/uploads\/2017\/03\/lu.jpg\" alt=\"\" width=\"585\" height=\"439\" srcset=\"https:\/\/portalcaetanos.com.br\/portal\/wp-content\/uploads\/2017\/03\/lu.jpg 768w, https:\/\/portalcaetanos.com.br\/portal\/wp-content\/uploads\/2017\/03\/lu-300x225.jpg 300w\" sizes=\"(max-width: 585px) 100vw, 585px\" \/><figcaption id=\"caption-attachment-2242\" class=\"wp-caption-text\">Mirante<\/figcaption><\/figure>\n<p>De acordo com o prefeito, \u00a0L\u00facio Meira medidas necess\u00e1rias est\u00e3o sendo tomadas para evitar que o munic\u00edpio passe por uma crise h\u00eddrica, \u00a0\u201cDevido ao per\u00edodo de estiagem, estamos buscando sa\u00eddas para poupar a nossa popula\u00e7\u00e3o de ficar sem \u00e1gua. j\u00e1 est\u00e1 tomando algumas medidas para evitar que as barragens sequem e que falte \u00e1gua na cidade. Por\u00e9m, medidas mais efetivas s\u00e3o necess\u00e1rias, como a parceria com a Embasa\u201d, completou o prefeito.<\/p>\n<p>Um governo participativo tem que estar sens\u00edvel a isto e assim a reuni\u00e3o transcorreu at\u00e9 que a gerente regional se disponibilizou a implementar um estudo da viabilidade de amplia\u00e7\u00e3o da barragem do cip\u00f3 e a limpeza de suas margens, proporcionando um aumento da oferta de \u00e1gua. Al\u00e9m da reuni\u00e3o que logrou \u00eaxito, foi promovida uma visita \u00e1s instala\u00e7\u00f5es da barragem, quando estiveram presentes o nosso prefeito L\u00facio Meira, seu vice Mois\u00e9s Seles e o secret\u00e1rio de gabinete Wanderli Meira. Na reuni\u00e3o contamos com as presen\u00e7as tamb\u00e9m, al\u00e9m daqueles j\u00e1 citados na visita \u00e1 barragem, do vereador Marcelo de Aldim sendo presidente da C\u00e2mara e demais que bem representaram aquela casa de lei.<\/p>\n","protected":false},"excerpt":{"rendered":"<p>Sens\u00edvel \u00e1 situa\u00e7\u00e3o pela a qual passamos, quanto ao abastecimento de \u00e1gua gerida pela EMBASA (Empresa Baiana de \u00c1guas e Saneamento) no munic\u00edpio de Mirante, o prefeito L\u00facio Meira agendou reuni\u00e3o com a ger\u00eancia regional daquela empresa, fato que ocorreu ontem (ter\u00e7a-feira, 28). A gerente Kelly Galv\u00e3o, acompanhada pelo engenheiro \u00c1lvaro e mais assistente estiveram [&hellip;]<\/p>\n","protected":false},"author":1,"featured_media":2243,"comment_status":"closed","ping_status":"closed","sticky":false,"template":"","format":"standard","meta":{"footnotes":""},"categories":[10,24],"tags":[],"yoast_head":"<!-- This site is optimized with the Yoast SEO plugin v21.1 - https:\/\/yoast.com\/wordpress\/plugins\/seo\/ -->\n<title>Prefeito L\u00facio Meira se re\u00fane com a Embasa e discute sa\u00eddas para a crise h\u00eddrica no munic\u00edpio de Mirante - Portal Caetanos<\/title>\n<meta name=\"robots\" content=\"index, follow, max-snippet:-1, max-image-preview:large, max-video-preview:-1\" \/>\n<link rel=\"canonical\" href=\"https:\/\/portalcaetanos.com.br\/portal\/prefeito-lucio-meira-se-reune-com-a-embasa-e-discute-saidas-para-a-crise-hidrica-no-municipio-de-mirante\/\" \/>\n<meta property=\"og:locale\" content=\"pt_BR\" \/>\n<meta property=\"og:type\" content=\"article\" \/>\n<meta property=\"og:title\" content=\"Prefeito L\u00facio Meira se re\u00fane com a Embasa e discute sa\u00eddas para a crise h\u00eddrica no munic\u00edpio de Mirante - Portal Caetanos\" \/>\n<meta property=\"og:description\" content=\"Sens\u00edvel \u00e1 situa\u00e7\u00e3o pela a qual passamos, quanto ao abastecimento de \u00e1gua gerida pela EMBASA (Empresa Baiana de \u00c1guas e Saneamento) no munic\u00edpio de Mirante, o prefeito L\u00facio Meira agendou reuni\u00e3o com a ger\u00eancia regional daquela empresa, fato que ocorreu ontem (ter\u00e7a-feira, 28). A gerente Kelly Galv\u00e3o, acompanhada pelo engenheiro \u00c1lvaro e mais assistente estiveram [&hellip;]\" \/>\n<meta property=\"og:url\" content=\"https:\/\/portalcaetanos.com.br\/portal\/prefeito-lucio-meira-se-reune-com-a-embasa-e-discute-saidas-para-a-crise-hidrica-no-municipio-de-mirante\/\" \/>\n<meta property=\"og:site_name\" content=\"Portal Caetanos\" \/>\n<meta property=\"article:published_time\" content=\"2017-03-29T21:20:05+00:00\" \/>\n<meta property=\"og:image\" content=\"https:\/\/portalcaetanos.com.br\/portal\/wp-content\/uploads\/2017\/03\/lus.jpg\" \/>\n\t<meta property=\"og:image:width\" content=\"768\" \/>\n\t<meta property=\"og:image:height\" content=\"576\" \/>\n\t<meta property=\"og:image:type\" content=\"image\/jpeg\" \/>\n<meta name=\"author\" content=\"Portal Caetanos\" \/>\n<meta name=\"twitter:card\" content=\"summary_large_image\" \/>\n<meta name=\"twitter:label1\" content=\"Escrito por\" \/>\n\t<meta name=\"twitter:data1\" content=\"Portal Caetanos\" \/>\n\t<meta name=\"twitter:label2\" content=\"Est. tempo de leitura\" \/>\n\t<meta name=\"twitter:data2\" content=\"2 minutos\" \/>\n<script type=\"application\/ld+json\" class=\"yoast-schema-graph\">{\"@context\":\"https:\/\/schema.org\",\"@graph\":[{\"@type\":\"Article\",\"@id\":\"https:\/\/portalcaetanos.com.br\/portal\/prefeito-lucio-meira-se-reune-com-a-embasa-e-discute-saidas-para-a-crise-hidrica-no-municipio-de-mirante\/#article\",\"isPartOf\":{\"@id\":\"https:\/\/portalcaetanos.com.br\/portal\/prefeito-lucio-meira-se-reune-com-a-embasa-e-discute-saidas-para-a-crise-hidrica-no-municipio-de-mirante\/\"},\"author\":{\"name\":\"Portal Caetanos\",\"@id\":\"https:\/\/portalcaetanos.com.br\/portal\/#\/schema\/person\/88d53c563139e7564971f4bdd105d296\"},\"headline\":\"Prefeito L\u00facio Meira se re\u00fane com a Embasa e discute sa\u00eddas para a crise h\u00eddrica no munic\u00edpio de Mirante\",\"datePublished\":\"2017-03-29T21:20:05+00:00\",\"dateModified\":\"2017-03-29T21:20:05+00:00\",\"mainEntityOfPage\":{\"@id\":\"https:\/\/portalcaetanos.com.br\/portal\/prefeito-lucio-meira-se-reune-com-a-embasa-e-discute-saidas-para-a-crise-hidrica-no-municipio-de-mirante\/\"},\"wordCount\":375,\"publisher\":{\"@id\":\"https:\/\/portalcaetanos.com.br\/portal\/#organization\"},\"articleSection\":[\"DESTAQUES\",\"MIRANTE\"],\"inLanguage\":\"pt-BR\"},{\"@type\":\"WebPage\",\"@id\":\"https:\/\/portalcaetanos.com.br\/portal\/prefeito-lucio-meira-se-reune-com-a-embasa-e-discute-saidas-para-a-crise-hidrica-no-municipio-de-mirante\/\",\"url\":\"https:\/\/portalcaetanos.com.br\/portal\/prefeito-lucio-meira-se-reune-com-a-embasa-e-discute-saidas-para-a-crise-hidrica-no-municipio-de-mirante\/\",\"name\":\"Prefeito L\u00facio Meira se re\u00fane com a Embasa e discute sa\u00eddas para a crise h\u00eddrica no munic\u00edpio de Mirante - Portal Caetanos\",\"isPartOf\":{\"@id\":\"https:\/\/portalcaetanos.com.br\/portal\/#website\"},\"datePublished\":\"2017-03-29T21:20:05+00:00\",\"dateModified\":\"2017-03-29T21:20:05+00:00\",\"breadcrumb\":{\"@id\":\"https:\/\/portalcaetanos.com.br\/portal\/prefeito-lucio-meira-se-reune-com-a-embasa-e-discute-saidas-para-a-crise-hidrica-no-municipio-de-mirante\/#breadcrumb\"},\"inLanguage\":\"pt-BR\",\"potentialAction\":[{\"@type\":\"ReadAction\",\"target\":[\"https:\/\/portalcaetanos.com.br\/portal\/prefeito-lucio-meira-se-reune-com-a-embasa-e-discute-saidas-para-a-crise-hidrica-no-municipio-de-mirante\/\"]}]},{\"@type\":\"BreadcrumbList\",\"@id\":\"https:\/\/portalcaetanos.com.br\/portal\/prefeito-lucio-meira-se-reune-com-a-embasa-e-discute-saidas-para-a-crise-hidrica-no-municipio-de-mirante\/#breadcrumb\",\"itemListElement\":[{\"@type\":\"ListItem\",\"position\":1,\"name\":\"In\u00edcio\",\"item\":\"https:\/\/portalcaetanos.com.br\/portal\/\"},{\"@type\":\"ListItem\",\"position\":2,\"name\":\"Prefeito L\u00facio Meira se re\u00fane com a Embasa e discute sa\u00eddas para a crise h\u00eddrica no munic\u00edpio de Mirante\"}]},{\"@type\":\"WebSite\",\"@id\":\"https:\/\/portalcaetanos.com.br\/portal\/#website\",\"url\":\"https:\/\/portalcaetanos.com.br\/portal\/\",\"name\":\"Portal Caetanos\",\"description\":\"A Revista Eletr\u00f4nica da Cidade!\",\"publisher\":{\"@id\":\"https:\/\/portalcaetanos.com.br\/portal\/#organization\"},\"potentialAction\":[{\"@type\":\"SearchAction\",\"target\":{\"@type\":\"EntryPoint\",\"urlTemplate\":\"https:\/\/portalcaetanos.com.br\/portal\/?s={search_term_string}\"},\"query-input\":\"required name=search_term_string\"}],\"inLanguage\":\"pt-BR\"},{\"@type\":\"Organization\",\"@id\":\"https:\/\/portalcaetanos.com.br\/portal\/#organization\",\"name\":\"Portal Caetanos\",\"url\":\"https:\/\/portalcaetanos.com.br\/portal\/\",\"logo\":{\"@type\":\"ImageObject\",\"inLanguage\":\"pt-BR\",\"@id\":\"https:\/\/portalcaetanos.com.br\/portal\/#\/schema\/logo\/image\/\",\"url\":\"https:\/\/portalcaetanos.com.br\/portal\/wp-content\/uploads\/2018\/04\/logo_tes1.png\",\"contentUrl\":\"https:\/\/portalcaetanos.com.br\/portal\/wp-content\/uploads\/2018\/04\/logo_tes1.png\",\"width\":423,\"height\":88,\"caption\":\"Portal Caetanos\"},\"image\":{\"@id\":\"https:\/\/portalcaetanos.com.br\/portal\/#\/schema\/logo\/image\/\"}},{\"@type\":\"Person\",\"@id\":\"https:\/\/portalcaetanos.com.br\/portal\/#\/schema\/person\/88d53c563139e7564971f4bdd105d296\",\"name\":\"Portal Caetanos\",\"image\":{\"@type\":\"ImageObject\",\"inLanguage\":\"pt-BR\",\"@id\":\"https:\/\/portalcaetanos.com.br\/portal\/#\/schema\/person\/image\/\",\"url\":\"https:\/\/secure.gravatar.com\/avatar\/964aa13353eaeb8201a538a7a410b4a1?s=96&d=mm&r=g\",\"contentUrl\":\"https:\/\/secure.gravatar.com\/avatar\/964aa13353eaeb8201a538a7a410b4a1?s=96&d=mm&r=g\",\"caption\":\"Portal Caetanos\"},\"url\":\"https:\/\/portalcaetanos.com.br\/portal\/author\/portal-caetanos\/\"}]}<\/script>\n<!-- \/ Yoast SEO plugin. -->","yoast_head_json":{"title":"Prefeito L\u00facio Meira se re\u00fane com a Embasa e discute sa\u00eddas para a crise h\u00eddrica no munic\u00edpio de Mirante - Portal Caetanos","robots":{"index":"index","follow":"follow","max-snippet":"max-snippet:-1","max-image-preview":"max-image-preview:large","max-video-preview":"max-video-preview:-1"},"canonical":"https:\/\/portalcaetanos.com.br\/portal\/prefeito-lucio-meira-se-reune-com-a-embasa-e-discute-saidas-para-a-crise-hidrica-no-municipio-de-mirante\/","og_locale":"pt_BR","og_type":"article","og_title":"Prefeito L\u00facio Meira se re\u00fane com a Embasa e discute sa\u00eddas para a crise h\u00eddrica no munic\u00edpio de Mirante - Portal Caetanos","og_description":"Sens\u00edvel \u00e1 situa\u00e7\u00e3o pela a qual passamos, quanto ao abastecimento de \u00e1gua gerida pela EMBASA (Empresa Baiana de \u00c1guas e Saneamento) no munic\u00edpio de Mirante, o prefeito L\u00facio Meira agendou reuni\u00e3o com a ger\u00eancia regional daquela empresa, fato que ocorreu ontem (ter\u00e7a-feira, 28). A gerente Kelly Galv\u00e3o, acompanhada pelo engenheiro \u00c1lvaro e mais assistente estiveram [&hellip;]","og_url":"https:\/\/portalcaetanos.com.br\/portal\/prefeito-lucio-meira-se-reune-com-a-embasa-e-discute-saidas-para-a-crise-hidrica-no-municipio-de-mirante\/","og_site_name":"Portal Caetanos","article_published_time":"2017-03-29T21:20:05+00:00","og_image":[{"width":768,"height":576,"url":"https:\/\/portalcaetanos.com.br\/portal\/wp-content\/uploads\/2017\/03\/lus.jpg","type":"image\/jpeg"}],"author":"Portal Caetanos","twitter_card":"summary_large_image","twitter_misc":{"Escrito por":"Portal Caetanos","Est. tempo de leitura":"2 minutos"},"schema":{"@context":"https:\/\/schema.org","@graph":[{"@type":"Article","@id":"https:\/\/portalcaetanos.com.br\/portal\/prefeito-lucio-meira-se-reune-com-a-embasa-e-discute-saidas-para-a-crise-hidrica-no-municipio-de-mirante\/#article","isPartOf":{"@id":"https:\/\/portalcaetanos.com.br\/portal\/prefeito-lucio-meira-se-reune-com-a-embasa-e-discute-saidas-para-a-crise-hidrica-no-municipio-de-mirante\/"},"author":{"name":"Portal Caetanos","@id":"https:\/\/portalcaetanos.com.br\/portal\/#\/schema\/person\/88d53c563139e7564971f4bdd105d296"},"headline":"Prefeito L\u00facio Meira se re\u00fane com a Embasa e discute sa\u00eddas para a crise h\u00eddrica no munic\u00edpio de Mirante","datePublished":"2017-03-29T21:20:05+00:00","dateModified":"2017-03-29T21:20:05+00:00","mainEntityOfPage":{"@id":"https:\/\/portalcaetanos.com.br\/portal\/prefeito-lucio-meira-se-reune-com-a-embasa-e-discute-saidas-para-a-crise-hidrica-no-municipio-de-mirante\/"},"wordCount":375,"publisher":{"@id":"https:\/\/portalcaetanos.com.br\/portal\/#organization"},"articleSection":["DESTAQUES","MIRANTE"],"inLanguage":"pt-BR"},{"@type":"WebPage","@id":"https:\/\/portalcaetanos.com.br\/portal\/prefeito-lucio-meira-se-reune-com-a-embasa-e-discute-saidas-para-a-crise-hidrica-no-municipio-de-mirante\/","url":"https:\/\/portalcaetanos.com.br\/portal\/prefeito-lucio-meira-se-reune-com-a-embasa-e-discute-saidas-para-a-crise-hidrica-no-municipio-de-mirante\/","name":"Prefeito L\u00facio Meira se re\u00fane com a Embasa e discute sa\u00eddas para a crise h\u00eddrica no munic\u00edpio de Mirante - Portal Caetanos","isPartOf":{"@id":"https:\/\/portalcaetanos.com.br\/portal\/#website"},"datePublished":"2017-03-29T21:20:05+00:00","dateModified":"2017-03-29T21:20:05+00:00","breadcrumb":{"@id":"https:\/\/portalcaetanos.com.br\/portal\/prefeito-lucio-meira-se-reune-com-a-embasa-e-discute-saidas-para-a-crise-hidrica-no-municipio-de-mirante\/#breadcrumb"},"inLanguage":"pt-BR","potentialAction":[{"@type":"ReadAction","target":["https:\/\/portalcaetanos.com.br\/portal\/prefeito-lucio-meira-se-reune-com-a-embasa-e-discute-saidas-para-a-crise-hidrica-no-municipio-de-mirante\/"]}]},{"@type":"BreadcrumbList","@id":"https:\/\/portalcaetanos.com.br\/portal\/prefeito-lucio-meira-se-reune-com-a-embasa-e-discute-saidas-para-a-crise-hidrica-no-municipio-de-mirante\/#breadcrumb","itemListElement":[{"@type":"ListItem","position":1,"name":"In\u00edcio","item":"https:\/\/portalcaetanos.com.br\/portal\/"},{"@type":"ListItem","position":2,"name":"Prefeito L\u00facio Meira se re\u00fane com a Embasa e discute sa\u00eddas para a crise h\u00eddrica no munic\u00edpio de Mirante"}]},{"@type":"WebSite","@id":"https:\/\/portalcaetanos.com.br\/portal\/#website","url":"https:\/\/portalcaetanos.com.br\/portal\/","name":"Portal Caetanos","description":"A Revista Eletr\u00f4nica da Cidade!","publisher":{"@id":"https:\/\/portalcaetanos.com.br\/portal\/#organization"},"potentialAction":[{"@type":"SearchAction","target":{"@type":"EntryPoint","urlTemplate":"https:\/\/portalcaetanos.com.br\/portal\/?s={search_term_string}"},"query-input":"required name=search_term_string"}],"inLanguage":"pt-BR"},{"@type":"Organization","@id":"https:\/\/portalcaetanos.com.br\/portal\/#organization","name":"Portal Caetanos","url":"https:\/\/portalcaetanos.com.br\/portal\/","logo":{"@type":"ImageObject","inLanguage":"pt-BR","@id":"https:\/\/portalcaetanos.com.br\/portal\/#\/schema\/logo\/image\/","url":"https:\/\/portalcaetanos.com.br\/portal\/wp-content\/uploads\/2018\/04\/logo_tes1.png","contentUrl":"https:\/\/portalcaetanos.com.br\/portal\/wp-content\/uploads\/2018\/04\/logo_tes1.png","width":423,"height":88,"caption":"Portal Caetanos"},"image":{"@id":"https:\/\/portalcaetanos.com.br\/portal\/#\/schema\/logo\/image\/"}},{"@type":"Person","@id":"https:\/\/portalcaetanos.com.br\/portal\/#\/schema\/person\/88d53c563139e7564971f4bdd105d296","name":"Portal Caetanos","image":{"@type":"ImageObject","inLanguage":"pt-BR","@id":"https:\/\/portalcaetanos.com.br\/portal\/#\/schema\/person\/image\/","url":"https:\/\/secure.gravatar.com\/avatar\/964aa13353eaeb8201a538a7a410b4a1?s=96&d=mm&r=g","contentUrl":"https:\/\/secure.gravatar.com\/avatar\/964aa13353eaeb8201a538a7a410b4a1?s=96&d=mm&r=g","caption":"Portal Caetanos"},"url":"https:\/\/portalcaetanos.com.br\/portal\/author\/portal-caetanos\/"}]}},"_links":{"self":[{"href":"https:\/\/portalcaetanos.com.br\/portal\/wp-json\/wp\/v2\/posts\/2241"}],"collection":[{"href":"https:\/\/portalcaetanos.com.br\/portal\/wp-json\/wp\/v2\/posts"}],"about":[{"href":"https:\/\/portalcaetanos.com.br\/portal\/wp-json\/wp\/v2\/types\/post"}],"author":[{"embeddable":true,"href":"https:\/\/portalcaetanos.com.br\/portal\/wp-json\/wp\/v2\/users\/1"}],"replies":[{"embeddable":true,"href":"https:\/\/portalcaetanos.com.br\/portal\/wp-json\/wp\/v2\/comments?post=2241"}],"version-history":[{"count":1,"href":"https:\/\/portalcaetanos.com.br\/portal\/wp-json\/wp\/v2\/posts\/2241\/revisions"}],"predecessor-version":[{"id":2244,"href":"https:\/\/portalcaetanos.com.br\/portal\/wp-json\/wp\/v2\/posts\/2241\/revisions\/2244"}],"wp:featuredmedia":[{"embeddable":true,"href":"https:\/\/portalcaetanos.com.br\/portal\/wp-json\/wp\/v2\/media\/2243"}],"wp:attachment":[{"href":"https:\/\/portalcaetanos.com.br\/portal\/wp-json\/wp\/v2\/media?parent=2241"}],"wp:term":[{"taxonomy":"category","embeddable":true,"href":"https:\/\/portalcaetanos.com.br\/portal\/wp-json\/wp\/v2\/categories?post=2241"},{"taxonomy":"post_tag","embeddable":true,"href":"https:\/\/portalcaetanos.com.br\/portal\/wp-json\/wp\/v2\/tags?post=2241"}],"curies":[{"name":"wp","href":"https:\/\/api.w.org\/{rel}","templated":true}]}}