{"id":1293,"date":"2014-03-09T19:39:03","date_gmt":"2014-03-09T22:39:03","guid":{"rendered":"http:\/\/portalcaetanos.com.br\/portal\/?p=1293"},"modified":"2014-03-09T19:40:15","modified_gmt":"2014-03-09T22:40:15","slug":"pai-do-forrozeiro-edgar-mao-branca-se-suicida","status":"publish","type":"post","link":"https:\/\/portalcaetanos.com.br\/portal\/pai-do-forrozeiro-edgar-mao-branca-se-suicida\/","title":{"rendered":"Pai do forrozeiro Edgar M\u00e3o Branca se suicida"},"content":{"rendered":"<p><a href=\"http:\/\/portalcaetanos.com.br\/portal\/wp-content\/uploads\/2014\/03\/brav.jpg\"><img decoding=\"async\" loading=\"lazy\" class=\"alignleft size-medium wp-image-1294\" alt=\"brav\" src=\"http:\/\/portalcaetanos.com.br\/portal\/wp-content\/uploads\/2014\/03\/brav-300x210.jpg\" width=\"300\" height=\"210\" srcset=\"https:\/\/portalcaetanos.com.br\/portal\/wp-content\/uploads\/2014\/03\/brav-300x210.jpg 300w, https:\/\/portalcaetanos.com.br\/portal\/wp-content\/uploads\/2014\/03\/brav-210x146.jpg 210w, https:\/\/portalcaetanos.com.br\/portal\/wp-content\/uploads\/2014\/03\/brav.jpg 475w\" sizes=\"(max-width: 300px) 100vw, 300px\" \/><\/a>Exup\u00e9rio Evangelista dos Anjos, pai do ex-deputado federal e cantador Edigar M\u00e3o Branca,cometeu suic\u00eddio na manh\u00e3 deste domingo (9), na cidade de Macarani, no Sul do Estado. \u201cEle j\u00e1 havia tentado isso outras vezes por conta de uma depress\u00e3o\u201d, lamentou M\u00e3o Branca, em conversa com o\u00a0Boc\u00e3o News. Chorando muito, o ex-parlamentar confirmou que o enterro ser\u00e1 nesta segunda-feira (10), \u00e0s 8h, em Macarani. O corpo est\u00e1 no Instituto M\u00e9dico Legal (IML) da cidade de Vit\u00f3ria da Conquista onde passar\u00e1 por necropsia.<br \/>\nFonte: Brumado Not\u00edcias<\/p>\n","protected":false},"excerpt":{"rendered":"<p>Exup\u00e9rio Evangelista dos Anjos, pai do ex-deputado federal e cantador Edigar M\u00e3o Branca,cometeu suic\u00eddio na manh\u00e3 deste domingo (9), na cidade de Macarani, no Sul do Estado. \u201cEle j\u00e1 havia tentado isso outras vezes por conta de uma depress\u00e3o\u201d, lamentou M\u00e3o Branca, em conversa com o\u00a0Boc\u00e3o News. Chorando muito, o ex-parlamentar confirmou que o enterro [&hellip;]<\/p>\n","protected":false},"author":1,"featured_media":1294,"comment_status":"closed","ping_status":"closed","sticky":false,"template":"","format":"standard","meta":{"footnotes":""},"categories":[22,10],"tags":[],"yoast_head":"<!-- This site is optimized with the Yoast SEO plugin v21.1 - https:\/\/yoast.com\/wordpress\/plugins\/seo\/ -->\n<title>Pai do forrozeiro Edgar M\u00e3o Branca se suicida  - Portal Caetanos<\/title>\n<meta name=\"robots\" content=\"index, follow, max-snippet:-1, max-image-preview:large, max-video-preview:-1\" \/>\n<link rel=\"canonical\" href=\"https:\/\/portalcaetanos.com.br\/portal\/pai-do-forrozeiro-edgar-mao-branca-se-suicida\/\" \/>\n<meta property=\"og:locale\" content=\"pt_BR\" \/>\n<meta property=\"og:type\" content=\"article\" \/>\n<meta property=\"og:title\" content=\"Pai do forrozeiro Edgar M\u00e3o Branca se suicida  - Portal Caetanos\" \/>\n<meta property=\"og:description\" content=\"Exup\u00e9rio Evangelista dos Anjos, pai do ex-deputado federal e cantador Edigar M\u00e3o Branca,cometeu suic\u00eddio na manh\u00e3 deste domingo (9), na cidade de Macarani, no Sul do Estado. \u201cEle j\u00e1 havia tentado isso outras vezes por conta de uma depress\u00e3o\u201d, lamentou M\u00e3o Branca, em conversa com o\u00a0Boc\u00e3o News. Chorando muito, o ex-parlamentar confirmou que o enterro [&hellip;]\" \/>\n<meta property=\"og:url\" content=\"https:\/\/portalcaetanos.com.br\/portal\/pai-do-forrozeiro-edgar-mao-branca-se-suicida\/\" \/>\n<meta property=\"og:site_name\" content=\"Portal Caetanos\" \/>\n<meta property=\"article:published_time\" content=\"2014-03-09T22:39:03+00:00\" \/>\n<meta property=\"article:modified_time\" content=\"2014-03-09T22:40:15+00:00\" \/>\n<meta property=\"og:image\" content=\"https:\/\/portalcaetanos.com.br\/portal\/wp-content\/uploads\/2014\/03\/brav.jpg\" \/>\n\t<meta property=\"og:image:width\" content=\"475\" \/>\n\t<meta property=\"og:image:height\" content=\"333\" \/>\n\t<meta property=\"og:image:type\" content=\"image\/jpeg\" \/>\n<meta name=\"author\" content=\"Portal Caetanos\" \/>\n<meta name=\"twitter:card\" content=\"summary_large_image\" \/>\n<meta name=\"twitter:label1\" content=\"Escrito por\" \/>\n\t<meta name=\"twitter:data1\" content=\"Portal Caetanos\" \/>\n<script type=\"application\/ld+json\" class=\"yoast-schema-graph\">{\"@context\":\"https:\/\/schema.org\",\"@graph\":[{\"@type\":\"Article\",\"@id\":\"https:\/\/portalcaetanos.com.br\/portal\/pai-do-forrozeiro-edgar-mao-branca-se-suicida\/#article\",\"isPartOf\":{\"@id\":\"https:\/\/portalcaetanos.com.br\/portal\/pai-do-forrozeiro-edgar-mao-branca-se-suicida\/\"},\"author\":{\"name\":\"Portal Caetanos\",\"@id\":\"https:\/\/portalcaetanos.com.br\/portal\/#\/schema\/person\/88d53c563139e7564971f4bdd105d296\"},\"headline\":\"Pai do forrozeiro Edgar M\u00e3o Branca se suicida\",\"datePublished\":\"2014-03-09T22:39:03+00:00\",\"dateModified\":\"2014-03-09T22:40:15+00:00\",\"mainEntityOfPage\":{\"@id\":\"https:\/\/portalcaetanos.com.br\/portal\/pai-do-forrozeiro-edgar-mao-branca-se-suicida\/\"},\"wordCount\":102,\"publisher\":{\"@id\":\"https:\/\/portalcaetanos.com.br\/portal\/#organization\"},\"articleSection\":[\"BAHIA\",\"DESTAQUES\"],\"inLanguage\":\"pt-BR\"},{\"@type\":\"WebPage\",\"@id\":\"https:\/\/portalcaetanos.com.br\/portal\/pai-do-forrozeiro-edgar-mao-branca-se-suicida\/\",\"url\":\"https:\/\/portalcaetanos.com.br\/portal\/pai-do-forrozeiro-edgar-mao-branca-se-suicida\/\",\"name\":\"Pai do forrozeiro Edgar M\u00e3o Branca se suicida - Portal Caetanos\",\"isPartOf\":{\"@id\":\"https:\/\/portalcaetanos.com.br\/portal\/#website\"},\"datePublished\":\"2014-03-09T22:39:03+00:00\",\"dateModified\":\"2014-03-09T22:40:15+00:00\",\"breadcrumb\":{\"@id\":\"https:\/\/portalcaetanos.com.br\/portal\/pai-do-forrozeiro-edgar-mao-branca-se-suicida\/#breadcrumb\"},\"inLanguage\":\"pt-BR\",\"potentialAction\":[{\"@type\":\"ReadAction\",\"target\":[\"https:\/\/portalcaetanos.com.br\/portal\/pai-do-forrozeiro-edgar-mao-branca-se-suicida\/\"]}]},{\"@type\":\"BreadcrumbList\",\"@id\":\"https:\/\/portalcaetanos.com.br\/portal\/pai-do-forrozeiro-edgar-mao-branca-se-suicida\/#breadcrumb\",\"itemListElement\":[{\"@type\":\"ListItem\",\"position\":1,\"name\":\"In\u00edcio\",\"item\":\"https:\/\/portalcaetanos.com.br\/portal\/\"},{\"@type\":\"ListItem\",\"position\":2,\"name\":\"Pai do forrozeiro Edgar M\u00e3o Branca se suicida\"}]},{\"@type\":\"WebSite\",\"@id\":\"https:\/\/portalcaetanos.com.br\/portal\/#website\",\"url\":\"https:\/\/portalcaetanos.com.br\/portal\/\",\"name\":\"Portal Caetanos\",\"description\":\"A Revista Eletr\u00f4nica da Cidade!\",\"publisher\":{\"@id\":\"https:\/\/portalcaetanos.com.br\/portal\/#organization\"},\"potentialAction\":[{\"@type\":\"SearchAction\",\"target\":{\"@type\":\"EntryPoint\",\"urlTemplate\":\"https:\/\/portalcaetanos.com.br\/portal\/?s={search_term_string}\"},\"query-input\":\"required name=search_term_string\"}],\"inLanguage\":\"pt-BR\"},{\"@type\":\"Organization\",\"@id\":\"https:\/\/portalcaetanos.com.br\/portal\/#organization\",\"name\":\"Portal Caetanos\",\"url\":\"https:\/\/portalcaetanos.com.br\/portal\/\",\"logo\":{\"@type\":\"ImageObject\",\"inLanguage\":\"pt-BR\",\"@id\":\"https:\/\/portalcaetanos.com.br\/portal\/#\/schema\/logo\/image\/\",\"url\":\"https:\/\/portalcaetanos.com.br\/portal\/wp-content\/uploads\/2018\/04\/logo_tes1.png\",\"contentUrl\":\"https:\/\/portalcaetanos.com.br\/portal\/wp-content\/uploads\/2018\/04\/logo_tes1.png\",\"width\":423,\"height\":88,\"caption\":\"Portal Caetanos\"},\"image\":{\"@id\":\"https:\/\/portalcaetanos.com.br\/portal\/#\/schema\/logo\/image\/\"}},{\"@type\":\"Person\",\"@id\":\"https:\/\/portalcaetanos.com.br\/portal\/#\/schema\/person\/88d53c563139e7564971f4bdd105d296\",\"name\":\"Portal Caetanos\",\"image\":{\"@type\":\"ImageObject\",\"inLanguage\":\"pt-BR\",\"@id\":\"https:\/\/portalcaetanos.com.br\/portal\/#\/schema\/person\/image\/\",\"url\":\"https:\/\/secure.gravatar.com\/avatar\/964aa13353eaeb8201a538a7a410b4a1?s=96&d=mm&r=g\",\"contentUrl\":\"https:\/\/secure.gravatar.com\/avatar\/964aa13353eaeb8201a538a7a410b4a1?s=96&d=mm&r=g\",\"caption\":\"Portal Caetanos\"},\"url\":\"https:\/\/portalcaetanos.com.br\/portal\/author\/portal-caetanos\/\"}]}<\/script>\n<!-- \/ Yoast SEO plugin. -->","yoast_head_json":{"title":"Pai do forrozeiro Edgar M\u00e3o Branca se suicida  - Portal Caetanos","robots":{"index":"index","follow":"follow","max-snippet":"max-snippet:-1","max-image-preview":"max-image-preview:large","max-video-preview":"max-video-preview:-1"},"canonical":"https:\/\/portalcaetanos.com.br\/portal\/pai-do-forrozeiro-edgar-mao-branca-se-suicida\/","og_locale":"pt_BR","og_type":"article","og_title":"Pai do forrozeiro Edgar M\u00e3o Branca se suicida  - Portal Caetanos","og_description":"Exup\u00e9rio Evangelista dos Anjos, pai do ex-deputado federal e cantador Edigar M\u00e3o Branca,cometeu suic\u00eddio na manh\u00e3 deste domingo (9), na cidade de Macarani, no Sul do Estado. \u201cEle j\u00e1 havia tentado isso outras vezes por conta de uma depress\u00e3o\u201d, lamentou M\u00e3o Branca, em conversa com o\u00a0Boc\u00e3o News. Chorando muito, o ex-parlamentar confirmou que o enterro [&hellip;]","og_url":"https:\/\/portalcaetanos.com.br\/portal\/pai-do-forrozeiro-edgar-mao-branca-se-suicida\/","og_site_name":"Portal Caetanos","article_published_time":"2014-03-09T22:39:03+00:00","article_modified_time":"2014-03-09T22:40:15+00:00","og_image":[{"width":475,"height":333,"url":"https:\/\/portalcaetanos.com.br\/portal\/wp-content\/uploads\/2014\/03\/brav.jpg","type":"image\/jpeg"}],"author":"Portal Caetanos","twitter_card":"summary_large_image","twitter_misc":{"Escrito por":"Portal Caetanos"},"schema":{"@context":"https:\/\/schema.org","@graph":[{"@type":"Article","@id":"https:\/\/portalcaetanos.com.br\/portal\/pai-do-forrozeiro-edgar-mao-branca-se-suicida\/#article","isPartOf":{"@id":"https:\/\/portalcaetanos.com.br\/portal\/pai-do-forrozeiro-edgar-mao-branca-se-suicida\/"},"author":{"name":"Portal Caetanos","@id":"https:\/\/portalcaetanos.com.br\/portal\/#\/schema\/person\/88d53c563139e7564971f4bdd105d296"},"headline":"Pai do forrozeiro Edgar M\u00e3o Branca se suicida","datePublished":"2014-03-09T22:39:03+00:00","dateModified":"2014-03-09T22:40:15+00:00","mainEntityOfPage":{"@id":"https:\/\/portalcaetanos.com.br\/portal\/pai-do-forrozeiro-edgar-mao-branca-se-suicida\/"},"wordCount":102,"publisher":{"@id":"https:\/\/portalcaetanos.com.br\/portal\/#organization"},"articleSection":["BAHIA","DESTAQUES"],"inLanguage":"pt-BR"},{"@type":"WebPage","@id":"https:\/\/portalcaetanos.com.br\/portal\/pai-do-forrozeiro-edgar-mao-branca-se-suicida\/","url":"https:\/\/portalcaetanos.com.br\/portal\/pai-do-forrozeiro-edgar-mao-branca-se-suicida\/","name":"Pai do forrozeiro Edgar M\u00e3o Branca se suicida - Portal Caetanos","isPartOf":{"@id":"https:\/\/portalcaetanos.com.br\/portal\/#website"},"datePublished":"2014-03-09T22:39:03+00:00","dateModified":"2014-03-09T22:40:15+00:00","breadcrumb":{"@id":"https:\/\/portalcaetanos.com.br\/portal\/pai-do-forrozeiro-edgar-mao-branca-se-suicida\/#breadcrumb"},"inLanguage":"pt-BR","potentialAction":[{"@type":"ReadAction","target":["https:\/\/portalcaetanos.com.br\/portal\/pai-do-forrozeiro-edgar-mao-branca-se-suicida\/"]}]},{"@type":"BreadcrumbList","@id":"https:\/\/portalcaetanos.com.br\/portal\/pai-do-forrozeiro-edgar-mao-branca-se-suicida\/#breadcrumb","itemListElement":[{"@type":"ListItem","position":1,"name":"In\u00edcio","item":"https:\/\/portalcaetanos.com.br\/portal\/"},{"@type":"ListItem","position":2,"name":"Pai do forrozeiro Edgar M\u00e3o Branca se suicida"}]},{"@type":"WebSite","@id":"https:\/\/portalcaetanos.com.br\/portal\/#website","url":"https:\/\/portalcaetanos.com.br\/portal\/","name":"Portal Caetanos","description":"A Revista Eletr\u00f4nica da Cidade!","publisher":{"@id":"https:\/\/portalcaetanos.com.br\/portal\/#organization"},"potentialAction":[{"@type":"SearchAction","target":{"@type":"EntryPoint","urlTemplate":"https:\/\/portalcaetanos.com.br\/portal\/?s={search_term_string}"},"query-input":"required name=search_term_string"}],"inLanguage":"pt-BR"},{"@type":"Organization","@id":"https:\/\/portalcaetanos.com.br\/portal\/#organization","name":"Portal Caetanos","url":"https:\/\/portalcaetanos.com.br\/portal\/","logo":{"@type":"ImageObject","inLanguage":"pt-BR","@id":"https:\/\/portalcaetanos.com.br\/portal\/#\/schema\/logo\/image\/","url":"https:\/\/portalcaetanos.com.br\/portal\/wp-content\/uploads\/2018\/04\/logo_tes1.png","contentUrl":"https:\/\/portalcaetanos.com.br\/portal\/wp-content\/uploads\/2018\/04\/logo_tes1.png","width":423,"height":88,"caption":"Portal Caetanos"},"image":{"@id":"https:\/\/portalcaetanos.com.br\/portal\/#\/schema\/logo\/image\/"}},{"@type":"Person","@id":"https:\/\/portalcaetanos.com.br\/portal\/#\/schema\/person\/88d53c563139e7564971f4bdd105d296","name":"Portal Caetanos","image":{"@type":"ImageObject","inLanguage":"pt-BR","@id":"https:\/\/portalcaetanos.com.br\/portal\/#\/schema\/person\/image\/","url":"https:\/\/secure.gravatar.com\/avatar\/964aa13353eaeb8201a538a7a410b4a1?s=96&d=mm&r=g","contentUrl":"https:\/\/secure.gravatar.com\/avatar\/964aa13353eaeb8201a538a7a410b4a1?s=96&d=mm&r=g","caption":"Portal Caetanos"},"url":"https:\/\/portalcaetanos.com.br\/portal\/author\/portal-caetanos\/"}]}},"_links":{"self":[{"href":"https:\/\/portalcaetanos.com.br\/portal\/wp-json\/wp\/v2\/posts\/1293"}],"collection":[{"href":"https:\/\/portalcaetanos.com.br\/portal\/wp-json\/wp\/v2\/posts"}],"about":[{"href":"https:\/\/portalcaetanos.com.br\/portal\/wp-json\/wp\/v2\/types\/post"}],"author":[{"embeddable":true,"href":"https:\/\/portalcaetanos.com.br\/portal\/wp-json\/wp\/v2\/users\/1"}],"replies":[{"embeddable":true,"href":"https:\/\/portalcaetanos.com.br\/portal\/wp-json\/wp\/v2\/comments?post=1293"}],"version-history":[{"count":1,"href":"https:\/\/portalcaetanos.com.br\/portal\/wp-json\/wp\/v2\/posts\/1293\/revisions"}],"predecessor-version":[{"id":1295,"href":"https:\/\/portalcaetanos.com.br\/portal\/wp-json\/wp\/v2\/posts\/1293\/revisions\/1295"}],"wp:featuredmedia":[{"embeddable":true,"href":"https:\/\/portalcaetanos.com.br\/portal\/wp-json\/wp\/v2\/media\/1294"}],"wp:attachment":[{"href":"https:\/\/portalcaetanos.com.br\/portal\/wp-json\/wp\/v2\/media?parent=1293"}],"wp:term":[{"taxonomy":"category","embeddable":true,"href":"https:\/\/portalcaetanos.com.br\/portal\/wp-json\/wp\/v2\/categories?post=1293"},{"taxonomy":"post_tag","embeddable":true,"href":"https:\/\/portalcaetanos.com.br\/portal\/wp-json\/wp\/v2\/tags?post=1293"}],"curies":[{"name":"wp","href":"https:\/\/api.w.org\/{rel}","templated":true}]}}