{"id":1219,"date":"2014-02-19T01:24:37","date_gmt":"2014-02-19T04:24:37","guid":{"rendered":"http:\/\/portalcaetanos.com.br\/portal\/?p=1219"},"modified":"2014-02-19T01:24:37","modified_gmt":"2014-02-19T04:24:37","slug":"comunicado-da-coelba-aviso-de-desligamento-programado","status":"publish","type":"post","link":"https:\/\/portalcaetanos.com.br\/portal\/comunicado-da-coelba-aviso-de-desligamento-programado\/","title":{"rendered":"Comunicado da Coelba, aviso de desligamento programado"},"content":{"rendered":"<p><a href=\"http:\/\/portalcaetanos.com.br\/portal\/wp-content\/uploads\/2014\/02\/Coelba-Confira-o-Desligamento-Programado.jpg\"><img decoding=\"async\" loading=\"lazy\" class=\"alignleft size-medium wp-image-1220\" alt=\"Coelba Confira o Desligamento Programado\" src=\"http:\/\/portalcaetanos.com.br\/portal\/wp-content\/uploads\/2014\/02\/Coelba-Confira-o-Desligamento-Programado-300x225.jpg\" width=\"300\" height=\"225\" srcset=\"https:\/\/portalcaetanos.com.br\/portal\/wp-content\/uploads\/2014\/02\/Coelba-Confira-o-Desligamento-Programado-300x225.jpg 300w, https:\/\/portalcaetanos.com.br\/portal\/wp-content\/uploads\/2014\/02\/Coelba-Confira-o-Desligamento-Programado.jpg 400w\" sizes=\"(max-width: 300px) 100vw, 300px\" \/><\/a>A coelba informa que o fornecimento de energia el\u00e9trica ser\u00e1 temporariamente interrompido, na sexta feira dia 21\/02\/14 das 13:00hs da tarde, \u00e1s 16:00hs da tarde.<br \/>\nNa rua jovelino matias; rua da conquista; p\u00e7 da matriz; p\u00e7 do mercado. Do bairro centro. Da cidade de caetanos ba. Esse desligamento ser\u00e1 necess\u00e1rio para que t\u00e9cnicos da empresa possam realizar, com seguran\u00e7a, servi\u00e7os de melhoramento na rede el\u00e9trica que atende ao munic\u00edpio.<br \/>\nPara sua seguran\u00e7a, a coelba alerta que reparos nas instala\u00e7\u00f5es ou equipamentos el\u00e9tricos internos devem ser feitos com a chave geral desligada e os aparelhos<br \/>\nRetirados das tomadas, mesmo durante o per\u00edodo de interrup\u00e7\u00e3o do fornecimento de energia.<\/p>\n","protected":false},"excerpt":{"rendered":"<p>A coelba informa que o fornecimento de energia el\u00e9trica ser\u00e1 temporariamente interrompido, na sexta feira dia 21\/02\/14 das 13:00hs da tarde, \u00e1s 16:00hs da tarde. Na rua jovelino matias; rua da conquista; p\u00e7 da matriz; p\u00e7 do mercado. Do bairro centro. Da cidade de caetanos ba. Esse desligamento ser\u00e1 necess\u00e1rio para que t\u00e9cnicos da empresa [&hellip;]<\/p>\n","protected":false},"author":1,"featured_media":1220,"comment_status":"closed","ping_status":"closed","sticky":false,"template":"","format":"standard","meta":{"footnotes":""},"categories":[1],"tags":[],"yoast_head":"<!-- This site is optimized with the Yoast SEO plugin v21.1 - https:\/\/yoast.com\/wordpress\/plugins\/seo\/ -->\n<title>Comunicado da Coelba, aviso de desligamento programado - Portal Caetanos<\/title>\n<meta name=\"robots\" content=\"index, follow, max-snippet:-1, max-image-preview:large, max-video-preview:-1\" \/>\n<link rel=\"canonical\" href=\"https:\/\/portalcaetanos.com.br\/portal\/comunicado-da-coelba-aviso-de-desligamento-programado\/\" \/>\n<meta property=\"og:locale\" content=\"pt_BR\" \/>\n<meta property=\"og:type\" content=\"article\" \/>\n<meta property=\"og:title\" content=\"Comunicado da Coelba, aviso de desligamento programado - Portal Caetanos\" \/>\n<meta property=\"og:description\" content=\"A coelba informa que o fornecimento de energia el\u00e9trica ser\u00e1 temporariamente interrompido, na sexta feira dia 21\/02\/14 das 13:00hs da tarde, \u00e1s 16:00hs da tarde. Na rua jovelino matias; rua da conquista; p\u00e7 da matriz; p\u00e7 do mercado. Do bairro centro. Da cidade de caetanos ba. Esse desligamento ser\u00e1 necess\u00e1rio para que t\u00e9cnicos da empresa [&hellip;]\" \/>\n<meta property=\"og:url\" content=\"https:\/\/portalcaetanos.com.br\/portal\/comunicado-da-coelba-aviso-de-desligamento-programado\/\" \/>\n<meta property=\"og:site_name\" content=\"Portal Caetanos\" \/>\n<meta property=\"article:published_time\" content=\"2014-02-19T04:24:37+00:00\" \/>\n<meta property=\"og:image\" content=\"https:\/\/portalcaetanos.com.br\/portal\/wp-content\/uploads\/2014\/02\/Coelba-Confira-o-Desligamento-Programado.jpg\" \/>\n\t<meta property=\"og:image:width\" content=\"400\" \/>\n\t<meta property=\"og:image:height\" content=\"300\" \/>\n\t<meta property=\"og:image:type\" content=\"image\/jpeg\" \/>\n<meta name=\"author\" content=\"Portal Caetanos\" \/>\n<meta name=\"twitter:card\" content=\"summary_large_image\" \/>\n<meta name=\"twitter:label1\" content=\"Escrito por\" \/>\n\t<meta name=\"twitter:data1\" content=\"Portal Caetanos\" \/>\n\t<meta name=\"twitter:label2\" content=\"Est. tempo de leitura\" \/>\n\t<meta name=\"twitter:data2\" content=\"1 minuto\" \/>\n<script type=\"application\/ld+json\" class=\"yoast-schema-graph\">{\"@context\":\"https:\/\/schema.org\",\"@graph\":[{\"@type\":\"Article\",\"@id\":\"https:\/\/portalcaetanos.com.br\/portal\/comunicado-da-coelba-aviso-de-desligamento-programado\/#article\",\"isPartOf\":{\"@id\":\"https:\/\/portalcaetanos.com.br\/portal\/comunicado-da-coelba-aviso-de-desligamento-programado\/\"},\"author\":{\"name\":\"Portal Caetanos\",\"@id\":\"https:\/\/portalcaetanos.com.br\/portal\/#\/schema\/person\/88d53c563139e7564971f4bdd105d296\"},\"headline\":\"Comunicado da Coelba, aviso de desligamento programado\",\"datePublished\":\"2014-02-19T04:24:37+00:00\",\"dateModified\":\"2014-02-19T04:24:37+00:00\",\"mainEntityOfPage\":{\"@id\":\"https:\/\/portalcaetanos.com.br\/portal\/comunicado-da-coelba-aviso-de-desligamento-programado\/\"},\"wordCount\":125,\"publisher\":{\"@id\":\"https:\/\/portalcaetanos.com.br\/portal\/#organization\"},\"articleSection\":[\"CAETANOS\"],\"inLanguage\":\"pt-BR\"},{\"@type\":\"WebPage\",\"@id\":\"https:\/\/portalcaetanos.com.br\/portal\/comunicado-da-coelba-aviso-de-desligamento-programado\/\",\"url\":\"https:\/\/portalcaetanos.com.br\/portal\/comunicado-da-coelba-aviso-de-desligamento-programado\/\",\"name\":\"Comunicado da Coelba, aviso de desligamento programado - Portal Caetanos\",\"isPartOf\":{\"@id\":\"https:\/\/portalcaetanos.com.br\/portal\/#website\"},\"datePublished\":\"2014-02-19T04:24:37+00:00\",\"dateModified\":\"2014-02-19T04:24:37+00:00\",\"breadcrumb\":{\"@id\":\"https:\/\/portalcaetanos.com.br\/portal\/comunicado-da-coelba-aviso-de-desligamento-programado\/#breadcrumb\"},\"inLanguage\":\"pt-BR\",\"potentialAction\":[{\"@type\":\"ReadAction\",\"target\":[\"https:\/\/portalcaetanos.com.br\/portal\/comunicado-da-coelba-aviso-de-desligamento-programado\/\"]}]},{\"@type\":\"BreadcrumbList\",\"@id\":\"https:\/\/portalcaetanos.com.br\/portal\/comunicado-da-coelba-aviso-de-desligamento-programado\/#breadcrumb\",\"itemListElement\":[{\"@type\":\"ListItem\",\"position\":1,\"name\":\"In\u00edcio\",\"item\":\"https:\/\/portalcaetanos.com.br\/portal\/\"},{\"@type\":\"ListItem\",\"position\":2,\"name\":\"Comunicado da Coelba, aviso de desligamento programado\"}]},{\"@type\":\"WebSite\",\"@id\":\"https:\/\/portalcaetanos.com.br\/portal\/#website\",\"url\":\"https:\/\/portalcaetanos.com.br\/portal\/\",\"name\":\"Portal Caetanos\",\"description\":\"A Revista Eletr\u00f4nica da Cidade!\",\"publisher\":{\"@id\":\"https:\/\/portalcaetanos.com.br\/portal\/#organization\"},\"potentialAction\":[{\"@type\":\"SearchAction\",\"target\":{\"@type\":\"EntryPoint\",\"urlTemplate\":\"https:\/\/portalcaetanos.com.br\/portal\/?s={search_term_string}\"},\"query-input\":\"required name=search_term_string\"}],\"inLanguage\":\"pt-BR\"},{\"@type\":\"Organization\",\"@id\":\"https:\/\/portalcaetanos.com.br\/portal\/#organization\",\"name\":\"Portal Caetanos\",\"url\":\"https:\/\/portalcaetanos.com.br\/portal\/\",\"logo\":{\"@type\":\"ImageObject\",\"inLanguage\":\"pt-BR\",\"@id\":\"https:\/\/portalcaetanos.com.br\/portal\/#\/schema\/logo\/image\/\",\"url\":\"https:\/\/portalcaetanos.com.br\/portal\/wp-content\/uploads\/2018\/04\/logo_tes1.png\",\"contentUrl\":\"https:\/\/portalcaetanos.com.br\/portal\/wp-content\/uploads\/2018\/04\/logo_tes1.png\",\"width\":423,\"height\":88,\"caption\":\"Portal Caetanos\"},\"image\":{\"@id\":\"https:\/\/portalcaetanos.com.br\/portal\/#\/schema\/logo\/image\/\"}},{\"@type\":\"Person\",\"@id\":\"https:\/\/portalcaetanos.com.br\/portal\/#\/schema\/person\/88d53c563139e7564971f4bdd105d296\",\"name\":\"Portal Caetanos\",\"image\":{\"@type\":\"ImageObject\",\"inLanguage\":\"pt-BR\",\"@id\":\"https:\/\/portalcaetanos.com.br\/portal\/#\/schema\/person\/image\/\",\"url\":\"https:\/\/secure.gravatar.com\/avatar\/964aa13353eaeb8201a538a7a410b4a1?s=96&d=mm&r=g\",\"contentUrl\":\"https:\/\/secure.gravatar.com\/avatar\/964aa13353eaeb8201a538a7a410b4a1?s=96&d=mm&r=g\",\"caption\":\"Portal Caetanos\"},\"url\":\"https:\/\/portalcaetanos.com.br\/portal\/author\/portal-caetanos\/\"}]}<\/script>\n<!-- \/ Yoast SEO plugin. -->","yoast_head_json":{"title":"Comunicado da Coelba, aviso de desligamento programado - Portal Caetanos","robots":{"index":"index","follow":"follow","max-snippet":"max-snippet:-1","max-image-preview":"max-image-preview:large","max-video-preview":"max-video-preview:-1"},"canonical":"https:\/\/portalcaetanos.com.br\/portal\/comunicado-da-coelba-aviso-de-desligamento-programado\/","og_locale":"pt_BR","og_type":"article","og_title":"Comunicado da Coelba, aviso de desligamento programado - Portal Caetanos","og_description":"A coelba informa que o fornecimento de energia el\u00e9trica ser\u00e1 temporariamente interrompido, na sexta feira dia 21\/02\/14 das 13:00hs da tarde, \u00e1s 16:00hs da tarde. Na rua jovelino matias; rua da conquista; p\u00e7 da matriz; p\u00e7 do mercado. Do bairro centro. Da cidade de caetanos ba. Esse desligamento ser\u00e1 necess\u00e1rio para que t\u00e9cnicos da empresa [&hellip;]","og_url":"https:\/\/portalcaetanos.com.br\/portal\/comunicado-da-coelba-aviso-de-desligamento-programado\/","og_site_name":"Portal Caetanos","article_published_time":"2014-02-19T04:24:37+00:00","og_image":[{"width":400,"height":300,"url":"https:\/\/portalcaetanos.com.br\/portal\/wp-content\/uploads\/2014\/02\/Coelba-Confira-o-Desligamento-Programado.jpg","type":"image\/jpeg"}],"author":"Portal Caetanos","twitter_card":"summary_large_image","twitter_misc":{"Escrito por":"Portal Caetanos","Est. tempo de leitura":"1 minuto"},"schema":{"@context":"https:\/\/schema.org","@graph":[{"@type":"Article","@id":"https:\/\/portalcaetanos.com.br\/portal\/comunicado-da-coelba-aviso-de-desligamento-programado\/#article","isPartOf":{"@id":"https:\/\/portalcaetanos.com.br\/portal\/comunicado-da-coelba-aviso-de-desligamento-programado\/"},"author":{"name":"Portal Caetanos","@id":"https:\/\/portalcaetanos.com.br\/portal\/#\/schema\/person\/88d53c563139e7564971f4bdd105d296"},"headline":"Comunicado da Coelba, aviso de desligamento programado","datePublished":"2014-02-19T04:24:37+00:00","dateModified":"2014-02-19T04:24:37+00:00","mainEntityOfPage":{"@id":"https:\/\/portalcaetanos.com.br\/portal\/comunicado-da-coelba-aviso-de-desligamento-programado\/"},"wordCount":125,"publisher":{"@id":"https:\/\/portalcaetanos.com.br\/portal\/#organization"},"articleSection":["CAETANOS"],"inLanguage":"pt-BR"},{"@type":"WebPage","@id":"https:\/\/portalcaetanos.com.br\/portal\/comunicado-da-coelba-aviso-de-desligamento-programado\/","url":"https:\/\/portalcaetanos.com.br\/portal\/comunicado-da-coelba-aviso-de-desligamento-programado\/","name":"Comunicado da Coelba, aviso de desligamento programado - Portal Caetanos","isPartOf":{"@id":"https:\/\/portalcaetanos.com.br\/portal\/#website"},"datePublished":"2014-02-19T04:24:37+00:00","dateModified":"2014-02-19T04:24:37+00:00","breadcrumb":{"@id":"https:\/\/portalcaetanos.com.br\/portal\/comunicado-da-coelba-aviso-de-desligamento-programado\/#breadcrumb"},"inLanguage":"pt-BR","potentialAction":[{"@type":"ReadAction","target":["https:\/\/portalcaetanos.com.br\/portal\/comunicado-da-coelba-aviso-de-desligamento-programado\/"]}]},{"@type":"BreadcrumbList","@id":"https:\/\/portalcaetanos.com.br\/portal\/comunicado-da-coelba-aviso-de-desligamento-programado\/#breadcrumb","itemListElement":[{"@type":"ListItem","position":1,"name":"In\u00edcio","item":"https:\/\/portalcaetanos.com.br\/portal\/"},{"@type":"ListItem","position":2,"name":"Comunicado da Coelba, aviso de desligamento programado"}]},{"@type":"WebSite","@id":"https:\/\/portalcaetanos.com.br\/portal\/#website","url":"https:\/\/portalcaetanos.com.br\/portal\/","name":"Portal Caetanos","description":"A Revista Eletr\u00f4nica da Cidade!","publisher":{"@id":"https:\/\/portalcaetanos.com.br\/portal\/#organization"},"potentialAction":[{"@type":"SearchAction","target":{"@type":"EntryPoint","urlTemplate":"https:\/\/portalcaetanos.com.br\/portal\/?s={search_term_string}"},"query-input":"required name=search_term_string"}],"inLanguage":"pt-BR"},{"@type":"Organization","@id":"https:\/\/portalcaetanos.com.br\/portal\/#organization","name":"Portal Caetanos","url":"https:\/\/portalcaetanos.com.br\/portal\/","logo":{"@type":"ImageObject","inLanguage":"pt-BR","@id":"https:\/\/portalcaetanos.com.br\/portal\/#\/schema\/logo\/image\/","url":"https:\/\/portalcaetanos.com.br\/portal\/wp-content\/uploads\/2018\/04\/logo_tes1.png","contentUrl":"https:\/\/portalcaetanos.com.br\/portal\/wp-content\/uploads\/2018\/04\/logo_tes1.png","width":423,"height":88,"caption":"Portal Caetanos"},"image":{"@id":"https:\/\/portalcaetanos.com.br\/portal\/#\/schema\/logo\/image\/"}},{"@type":"Person","@id":"https:\/\/portalcaetanos.com.br\/portal\/#\/schema\/person\/88d53c563139e7564971f4bdd105d296","name":"Portal Caetanos","image":{"@type":"ImageObject","inLanguage":"pt-BR","@id":"https:\/\/portalcaetanos.com.br\/portal\/#\/schema\/person\/image\/","url":"https:\/\/secure.gravatar.com\/avatar\/964aa13353eaeb8201a538a7a410b4a1?s=96&d=mm&r=g","contentUrl":"https:\/\/secure.gravatar.com\/avatar\/964aa13353eaeb8201a538a7a410b4a1?s=96&d=mm&r=g","caption":"Portal Caetanos"},"url":"https:\/\/portalcaetanos.com.br\/portal\/author\/portal-caetanos\/"}]}},"_links":{"self":[{"href":"https:\/\/portalcaetanos.com.br\/portal\/wp-json\/wp\/v2\/posts\/1219"}],"collection":[{"href":"https:\/\/portalcaetanos.com.br\/portal\/wp-json\/wp\/v2\/posts"}],"about":[{"href":"https:\/\/portalcaetanos.com.br\/portal\/wp-json\/wp\/v2\/types\/post"}],"author":[{"embeddable":true,"href":"https:\/\/portalcaetanos.com.br\/portal\/wp-json\/wp\/v2\/users\/1"}],"replies":[{"embeddable":true,"href":"https:\/\/portalcaetanos.com.br\/portal\/wp-json\/wp\/v2\/comments?post=1219"}],"version-history":[{"count":1,"href":"https:\/\/portalcaetanos.com.br\/portal\/wp-json\/wp\/v2\/posts\/1219\/revisions"}],"predecessor-version":[{"id":1221,"href":"https:\/\/portalcaetanos.com.br\/portal\/wp-json\/wp\/v2\/posts\/1219\/revisions\/1221"}],"wp:featuredmedia":[{"embeddable":true,"href":"https:\/\/portalcaetanos.com.br\/portal\/wp-json\/wp\/v2\/media\/1220"}],"wp:attachment":[{"href":"https:\/\/portalcaetanos.com.br\/portal\/wp-json\/wp\/v2\/media?parent=1219"}],"wp:term":[{"taxonomy":"category","embeddable":true,"href":"https:\/\/portalcaetanos.com.br\/portal\/wp-json\/wp\/v2\/categories?post=1219"},{"taxonomy":"post_tag","embeddable":true,"href":"https:\/\/portalcaetanos.com.br\/portal\/wp-json\/wp\/v2\/tags?post=1219"}],"curies":[{"name":"wp","href":"https:\/\/api.w.org\/{rel}","templated":true}]}}